{"id":255681,"date":"2022-08-30T17:45:02","date_gmt":"2022-08-30T20:45:02","guid":{"rendered":"https:\/\/www.caririemacao.com\/1\/?p=255681"},"modified":"2022-08-30T17:45:02","modified_gmt":"2022-08-30T20:45:02","slug":"veja-lista-inmet-emite-alerta-de-perigo-de-vendaval-para-varias-cidades-da-regiao-do-cariri","status":"publish","type":"post","link":"https:\/\/www.caririemacao.com\/1\/2022\/08\/30\/veja-lista-inmet-emite-alerta-de-perigo-de-vendaval-para-varias-cidades-da-regiao-do-cariri\/","title":{"rendered":"VEJA LISTA: Inmet emite alerta de perigo de vendaval para v\u00e1rias cidades da regi\u00e3o do Cariri"},"content":{"rendered":"<p>O Instituto Nacional de Meteorologia (Inmet) emitiu um alerta amarelo de perigo potencial de vendaval para diversas cidades da regi\u00e3o do Cariri paraibano\u00a0<em>(veja lista abaixo).<\/em>\u00a0O aviso vale at\u00e9 23h da quarta-feira (31).<\/p>\n<p>Segundo o Inmet, os ventos variam entre 40 km\/h e 60 km\/h. No entanto, h\u00e1 baixo risco de queda de galhos de \u00e1rvores.<\/p>\n<h4><strong>Cidades em alerta amarelo de vendaval na regi\u00e3o do Cariri:<\/strong><\/h4>\n<ul>\n<li>Amparo<\/li>\n<li>Assun\u00e7\u00e3o<\/li>\n<li>Barra de S\u00e3o Miguel<\/li>\n<li>Camala\u00fa<\/li>\n<li>Cara\u00fabas<\/li>\n<li>Congo<\/li>\n<li>Coxixola<\/li>\n<li>Gurj\u00e3o<\/li>\n<li>Livramento<\/li>\n<li>Monteiro<\/li>\n<li>Ouro Velho<\/li>\n<li>Parari<\/li>\n<li>Prata<\/li>\n<li>Salgadinho<\/li>\n<li>Santo Andr\u00e9<\/li>\n<li>S\u00e3o Domingos do Cariri<\/li>\n<li>S\u00e3o Jo\u00e3o do Cariri<\/li>\n<li>S\u00e3o Jo\u00e3o do Tigre<\/li>\n<li>S\u00e3o Jos\u00e9 dos Cordeiros<\/li>\n<li>S\u00e3o Sebasti\u00e3o do Umbuzeiro<\/li>\n<li>Serra Branca<\/li>\n<li>Sum\u00e9<\/li>\n<li>Tapero\u00e1<\/li>\n<li>Zabel\u00ea<\/li>\n<\/ul>\n<h4><strong>Recomenda\u00e7\u00f5es<\/strong><\/h4>\n<p>Em caso de rajadas de vento, o \u00f3rg\u00e3o recomenda que n\u00e3o se abrigue debaixo de \u00e1rvores, pois h\u00e1 leve risco de queda e descargas el\u00e9tricas. Al\u00e9m disso, orienta\u00e7\u00e3o \u00e9 que n\u00e3o estacione ve\u00edculos pr\u00f3ximos a torres de transmiss\u00e3o e placas de propaganda.<\/p>\n<p>Caso haja algum problema, o Inmet pede que as pessoas entrem em contato com a Defesa Civil, pelo n\u00famero 199, e com o Corpo de Bombeiros, por meio do n\u00famero 193.<\/p>\n","protected":false},"excerpt":{"rendered":"<p>O Instituto Nacional de Meteorologia (Inmet) emitiu um alerta amarelo de perigo potencial de vendaval para diversas cidades da regi\u00e3o do Cariri paraibano\u00a0(veja lista abaixo).\u00a0O&hellip; <\/p>\n","protected":false},"author":6,"featured_media":255682,"comment_status":"closed","ping_status":"closed","sticky":false,"template":"","format":"standard","meta":{"sfsi_plus_gutenberg_text_before_share":"","sfsi_plus_gutenberg_show_text_before_share":"","sfsi_plus_gutenberg_icon_type":"","sfsi_plus_gutenberg_icon_alignemt":"","sfsi_plus_gutenburg_max_per_row":"","footnotes":""},"categories":[106],"tags":[],"class_list":["post-255681","post","type-post","status-publish","format-standard","has-post-thumbnail","hentry","category-cariri"],"_links":{"self":[{"href":"https:\/\/www.caririemacao.com\/1\/wp-json\/wp\/v2\/posts\/255681","targetHints":{"allow":["GET"]}}],"collection":[{"href":"https:\/\/www.caririemacao.com\/1\/wp-json\/wp\/v2\/posts"}],"about":[{"href":"https:\/\/www.caririemacao.com\/1\/wp-json\/wp\/v2\/types\/post"}],"author":[{"embeddable":true,"href":"https:\/\/www.caririemacao.com\/1\/wp-json\/wp\/v2\/users\/6"}],"replies":[{"embeddable":true,"href":"https:\/\/www.caririemacao.com\/1\/wp-json\/wp\/v2\/comments?post=255681"}],"version-history":[{"count":1,"href":"https:\/\/www.caririemacao.com\/1\/wp-json\/wp\/v2\/posts\/255681\/revisions"}],"predecessor-version":[{"id":255683,"href":"https:\/\/www.caririemacao.com\/1\/wp-json\/wp\/v2\/posts\/255681\/revisions\/255683"}],"wp:featuredmedia":[{"embeddable":true,"href":"https:\/\/www.caririemacao.com\/1\/wp-json\/wp\/v2\/media\/255682"}],"wp:attachment":[{"href":"https:\/\/www.caririemacao.com\/1\/wp-json\/wp\/v2\/media?parent=255681"}],"wp:term":[{"taxonomy":"category","embeddable":true,"href":"https:\/\/www.caririemacao.com\/1\/wp-json\/wp\/v2\/categories?post=255681"},{"taxonomy":"post_tag","embeddable":true,"href":"https:\/\/www.caririemacao.com\/1\/wp-json\/wp\/v2\/tags?post=255681"}],"curies":[{"name":"wp","href":"https:\/\/api.w.org\/{rel}","templated":true}]}}