{"id":255684,"date":"2022-08-30T21:35:36","date_gmt":"2022-08-31T00:35:36","guid":{"rendered":"https:\/\/www.caririemacao.com\/1\/?p=255684"},"modified":"2022-08-30T21:35:36","modified_gmt":"2022-08-31T00:35:36","slug":"ricardo-nao-apresentou-certidao-de-inexistencia-de-inelegibilidade","status":"publish","type":"post","link":"https:\/\/www.caririemacao.com\/1\/2022\/08\/30\/ricardo-nao-apresentou-certidao-de-inexistencia-de-inelegibilidade\/","title":{"rendered":"Ricardo n\u00e3o apresentou certid\u00e3o de inexist\u00eancia de inelegibilidade"},"content":{"rendered":"<p>O ex-governador Ricardo Coutinho (PT), candidato \u00a0a senador nas elei\u00e7\u00f5es 2022, ainda n\u00e3o apresentou certid\u00e3o de inelegibilidade ao Tribunal Regional Eleitoral (TRE-PB).<\/p>\n<p>Foi o que informou, nesta ter\u00e7a-feira (30), a Secretaria Judici\u00e1ria do TRE-PB que faz um apanhado de tudo que os candidatos apresentam\u00a0 como requisitos para disputar o pleito.<\/p>\n<p>Ricardo Coutinho tem tentado buscar na Justi\u00e7a o direito de disputar o pleito por ter recebido san\u00e7\u00e3o de inelegibilidade por oito anos depois de ser condenado por abuso de poder pol\u00edtico em econ\u00f4mico nas elei\u00e7\u00f5es de 2014. \u00a0Por causa da condena\u00e7\u00e3o, o Minist\u00e9rio P\u00fablico Federal (MPE) j\u00e1 pediu a impugna\u00e7\u00e3o do registro de candidatura do petista.<\/p>\n<p>Al\u00e9m de aguardar o julgamento do registro de candidatura no TRE-PB, Ricardo Coutinho tamb\u00e9m espera julgamento de recurso do Supremo Tribunal Federal (STF).<\/p>\n<div id=\"attachment_620380\" class=\"wp-caption aligncenter\"><a href=\"https:\/\/i1.wp.com\/www.maispb.com.br\/wp-content\/uploads\/2022\/08\/Ricardo-nao-apresenta-inelegibilidade.jpg?quality=90&amp;strip=all&amp;ssl=1\" data-slb-active=\"1\" data-slb-asset=\"1495752670\" data-slb-internal=\"0\" data-slb-group=\"slb\"><img fetchpriority=\"high\" decoding=\"async\" class=\"size-full wp-image-620380\" style=\"box-sizing: border-box; outline: none !important; border: 0px; vertical-align: middle; height: auto; margin: 0px; max-width: 100%; padding: 0px; width: 800px;\" src=\"https:\/\/i1.wp.com\/www.maispb.com.br\/wp-content\/uploads\/2022\/08\/Ricardo-nao-apresenta-inelegibilidade.jpg?resize=590%2C167&amp;quality=90&amp;strip=all&amp;ssl=1\" sizes=\"(max-width: 590px) 100vw, 590px\" srcset=\"https:\/\/i1.wp.com\/www.maispb.com.br\/wp-content\/uploads\/2022\/08\/Ricardo-nao-apresenta-inelegibilidade.jpg?w=1350&amp;quality=90&amp;strip=all&amp;ssl=1 1350w, https:\/\/i1.wp.com\/www.maispb.com.br\/wp-content\/uploads\/2022\/08\/Ricardo-nao-apresenta-inelegibilidade.jpg?resize=300%2C85&amp;quality=90&amp;strip=all&amp;ssl=1 300w, https:\/\/i1.wp.com\/www.maispb.com.br\/wp-content\/uploads\/2022\/08\/Ricardo-nao-apresenta-inelegibilidade.jpg?resize=800%2C226&amp;quality=90&amp;strip=all&amp;ssl=1 800w, https:\/\/i1.wp.com\/www.maispb.com.br\/wp-content\/uploads\/2022\/08\/Ricardo-nao-apresenta-inelegibilidade.jpg?w=1180&amp;quality=90&amp;strip=all&amp;ssl=1 1180w\" alt=\"\" width=\"590\" height=\"167\" data-attachment-id=\"620380\" data-permalink=\"https:\/\/www.maispb.com.br\/620377\/ricardo-ainda-nao-apresentou-certidao-de-inexistencia-de-inelegibilidade-ao-tre-pb.html\/ricardo-nao-apresenta-inelegibilidade\" data-orig-file=\"https:\/\/i1.wp.com\/www.maispb.com.br\/wp-content\/uploads\/2022\/08\/Ricardo-nao-apresenta-inelegibilidade.jpg?fit=1350%2C382&amp;quality=90&amp;strip=all&amp;ssl=1\" data-orig-size=\"1350,382\" data-comments-opened=\"0\" data-image-meta=\"{&quot;aperture&quot;:&quot;0&quot;,&quot;credit&quot;:&quot;&quot;,&quot;camera&quot;:&quot;&quot;,&quot;caption&quot;:&quot;&quot;,&quot;created_timestamp&quot;:&quot;0&quot;,&quot;copyright&quot;:&quot;&quot;,&quot;focal_length&quot;:&quot;0&quot;,&quot;iso&quot;:&quot;0&quot;,&quot;shutter_speed&quot;:&quot;0&quot;,&quot;title&quot;:&quot;&quot;,&quot;orientation&quot;:&quot;1&quot;}\" data-image-title=\"Ricardo n\u00e3o apresenta inelegibilidade\" data-image-description=\"\" data-image-caption=\"&lt;p&gt;Fonte: Secretaria Judici\u00e1ria do TRE-PB&lt;\/p&gt;\n\" data-medium-file=\"https:\/\/i1.wp.com\/www.maispb.com.br\/wp-content\/uploads\/2022\/08\/Ricardo-nao-apresenta-inelegibilidade.jpg?fit=300%2C85&amp;quality=90&amp;strip=all&amp;ssl=1\" data-large-file=\"https:\/\/i1.wp.com\/www.maispb.com.br\/wp-content\/uploads\/2022\/08\/Ricardo-nao-apresenta-inelegibilidade.jpg?fit=590%2C167&amp;quality=90&amp;strip=all&amp;ssl=1\" data-recalc-dims=\"1\" \/><\/a><\/p>\n<p class=\"wp-caption-text\">Fonte: Secretaria Judici\u00e1ria do TRE-PB<\/p>\n<\/div>\n<p>MaisPB<\/p>\n","protected":false},"excerpt":{"rendered":"<p>O ex-governador Ricardo Coutinho (PT), candidato \u00a0a senador nas elei\u00e7\u00f5es 2022, ainda n\u00e3o apresentou certid\u00e3o de inelegibilidade ao Tribunal Regional Eleitoral (TRE-PB). Foi o que&hellip; <\/p>\n","protected":false},"author":6,"featured_media":255096,"comment_status":"closed","ping_status":"closed","sticky":false,"template":"","format":"standard","meta":{"sfsi_plus_gutenberg_text_before_share":"","sfsi_plus_gutenberg_show_text_before_share":"","sfsi_plus_gutenberg_icon_type":"","sfsi_plus_gutenberg_icon_alignemt":"","sfsi_plus_gutenburg_max_per_row":"","footnotes":""},"categories":[104],"tags":[],"class_list":["post-255684","post","type-post","status-publish","format-standard","has-post-thumbnail","hentry","category-paraiba"],"_links":{"self":[{"href":"https:\/\/www.caririemacao.com\/1\/wp-json\/wp\/v2\/posts\/255684","targetHints":{"allow":["GET"]}}],"collection":[{"href":"https:\/\/www.caririemacao.com\/1\/wp-json\/wp\/v2\/posts"}],"about":[{"href":"https:\/\/www.caririemacao.com\/1\/wp-json\/wp\/v2\/types\/post"}],"author":[{"embeddable":true,"href":"https:\/\/www.caririemacao.com\/1\/wp-json\/wp\/v2\/users\/6"}],"replies":[{"embeddable":true,"href":"https:\/\/www.caririemacao.com\/1\/wp-json\/wp\/v2\/comments?post=255684"}],"version-history":[{"count":1,"href":"https:\/\/www.caririemacao.com\/1\/wp-json\/wp\/v2\/posts\/255684\/revisions"}],"predecessor-version":[{"id":255685,"href":"https:\/\/www.caririemacao.com\/1\/wp-json\/wp\/v2\/posts\/255684\/revisions\/255685"}],"wp:featuredmedia":[{"embeddable":true,"href":"https:\/\/www.caririemacao.com\/1\/wp-json\/wp\/v2\/media\/255096"}],"wp:attachment":[{"href":"https:\/\/www.caririemacao.com\/1\/wp-json\/wp\/v2\/media?parent=255684"}],"wp:term":[{"taxonomy":"category","embeddable":true,"href":"https:\/\/www.caririemacao.com\/1\/wp-json\/wp\/v2\/categories?post=255684"},{"taxonomy":"post_tag","embeddable":true,"href":"https:\/\/www.caririemacao.com\/1\/wp-json\/wp\/v2\/tags?post=255684"}],"curies":[{"name":"wp","href":"https:\/\/api.w.org\/{rel}","templated":true}]}}