{"id":255689,"date":"2022-08-31T07:41:30","date_gmt":"2022-08-31T10:41:30","guid":{"rendered":"https:\/\/www.caririemacao.com\/1\/?p=255689"},"modified":"2022-08-31T07:41:30","modified_gmt":"2022-08-31T10:41:30","slug":"veja-a-agenda-dos-candidatos-a-presidencia-para-esta-quarta-31-8","status":"publish","type":"post","link":"https:\/\/www.caririemacao.com\/1\/2022\/08\/31\/veja-a-agenda-dos-candidatos-a-presidencia-para-esta-quarta-31-8\/","title":{"rendered":"Veja a agenda dos candidatos \u00e0 Presid\u00eancia para esta quarta (31\/8)"},"content":{"rendered":"<h3 class=\"col-10 offset-1 animated fadeInDown dealy-900 display-8 display-md-8 alt-font font-italic my-1 text-center\"><em>Presidenci\u00e1veis t\u00eam agenda no Sul, Sudeste, Norte e Centro-Oeste<\/em><\/h3>\n<p>Nesta quarta-feira (30), os candidatos \u00e0 Presid\u00eancia da Rep\u00fablica participam de campanhas nas ruas e\u00a0de eventos em S\u00e3o Paulo, Rio de Janeiro, Bras\u00edlia,\u00a0Goi\u00e1s e Amazonas. Tamb\u00e9m est\u00e3o previstas entrevistas a ve\u00edculos de imprensa. Confira a programa\u00e7\u00e3o dos presidenci\u00e1veis.<img decoding=\"async\" data-src=\"https:\/\/agenciabrasil.ebc.com.br\/ebc.png?id=1479807&amp;o=node\" src=\"data:image\/svg+xml;base64,PHN2ZyB3aWR0aD0iMSIgaGVpZ2h0PSIxIiB4bWxucz0iaHR0cDovL3d3dy53My5vcmcvMjAwMC9zdmciPjwvc3ZnPg==\" class=\"lazyload\" \/><img decoding=\"async\" data-src=\"https:\/\/agenciabrasil.ebc.com.br\/ebc.gif?id=1479807&amp;o=node\" src=\"data:image\/svg+xml;base64,PHN2ZyB3aWR0aD0iMSIgaGVpZ2h0PSIxIiB4bWxucz0iaHR0cDovL3d3dy53My5vcmcvMjAwMC9zdmciPjwvc3ZnPg==\" class=\"lazyload\" \/><\/p>\n<p><strong>Ciro Gomes (PDT)<\/strong>: pela manh\u00e3, o candidato cumpre agenda no Rio de Janeiro. \u00c0s 9h, faz campanha com os candidatos ao governo fluminense Rodrigo Neves e ao Senado Cabo Daciolo, na regi\u00e3o de com\u00e9rcio popular Saara. \u00c0s 11h30, tem encontro com empres\u00e1rios na sede da Firjan, no centro da cidade. \u00c0 tarde, ele estar\u00e1 em Barretos (SP), onde far\u00e1 uma visita ao Hospital de Amor de Barretos, \u00e0s 16h.<\/p>\n<p><strong>Constituinte Eymael (DC)<\/strong>: o candidato far\u00e1 caminhada de campanha na avenida Mateo Bei, na Cidade S\u00e3o Mateus, em S\u00e3o Paulo (SP), \u00e0s 13h.<\/p>\n<p><strong>Felipe D\u2019\u00c1vila (Novo)<\/strong>: a agenda ser\u00e1 em S\u00e3o Bernardo do Campo (SP). O\u00a0candidato atende \u00e0 imprensa, \u00e0s 18h, na\u00a0Associa\u00e7\u00e3o dos Construtores, Imobili\u00e1rias e Administradoras\u00a0do Grande ABC (ACIGABC). \u00c0s 18h45, participa do Evento Construindo um Novo ABC, na sede da associa\u00e7\u00e3o.<\/p>\n<p><strong>Jair Bolsonaro (PL)<\/strong>: \u00a0a agenda do candidato ser\u00e1 em Curitiba. \u00c0s 14h, participa de motociata entre o bairro Uberaba e a Pra\u00e7a\u00a0Pra\u00e7a Nossa Senhora da Salete, no Centro C\u00edvico, onde\u00a0\u00e0s\u00a016h, ser\u00e1 realizado um ato p\u00fablico.<\/p>\n<p><strong>L\u00e9o P\u00e9ricles (UP)<\/strong>: \u00e0s 10h est\u00e1 prevista a chegada do candidato a\u00a0Petrolina, onde concede entrevista ao Blog Tribuna do Nordeste \u00e0s 11h. \u00c0s 12h30, L\u00e9o P\u00e9ricles tem agendado almo\u00e7o com milit\u00e2ncia do Diret\u00f3rio Central dos Estudantes da Universidade Federal do Vale do S\u00e3o Francisco. Em seguida, \u00e0s 15h, ele concede entrevista ao blog Carlos Britto. \u00c0s 16h, o candidato participa de debate na Funda\u00e7\u00e3o Universidade de Pernambuco (UPE). Depois de jantar \u00e0s 18h, o candidato deve pegar voo para Recife \u00e0s 19h.<\/p>\n<p><strong>Lula (PT)<\/strong>: o candidato tem agenda em Manaus. \u00c0s 9h (hor\u00e1rio de Bras\u00edlia), ele concede entrevista \u00e0 R\u00e1dio Clube do Par\u00e1 (AM 690 e FM 104,7). \u00c0s 10h30 (hor\u00e1rio local de Manaus), visita a f\u00e1brica da Honda. \u00c0s 15h (hor\u00e1rio local), tem encontro sobre desenvolvimento sustent\u00e1vel no Museu do Amazonas (Musa). A agenda se encerra \u00e0s 18h (hor\u00e1rio local), com o ato Todos Juntos pelo Amazonas, na Via Torres.<\/p>\n<p><strong>Pablo Mar\u00e7al (Pros)<\/strong>:\u00a0o candidato n\u00e3o divulgou\u00a0agenda.<\/p>\n<p><strong>Roberto Jefferson (PTB)<\/strong>: o candidato est\u00e1 em pris\u00e3o domiciliar e n\u00e3o tem agenda p\u00fablica prevista.<\/p>\n<p><strong>Simone Tebet (MDB)<\/strong>: a candidata n\u00e3o divulgou sua agenda.<\/p>\n<p><strong>Sofia Manzano (PCB)<\/strong>: a agenda ser\u00e1 em Goi\u00e2nia, com campanha no Instituto Federal de Goi\u00e1s (IFG), \u00e0s 15h, e visita \u00e0 militante do PCB Dirce Machado, \u00e0s 17h.\u00a0\u00c0s 21h, participa de\u00a0<em>live<\/em>\u00a0promovida pelo Di\u00e1logos da Esperan\u00e7a e Rede Fale, em parceria com a Revista Zelota, Frente de Evang\u00e9licos pelo Estado de Direito e Crist\u00e3os Contra o Fascismo.<\/p>\n<p><strong>Soraya Thronicke (Uni\u00e3o)<\/strong>: a candidata cumpre agenda em Bras\u00edlia. \u00c0s 9h, participa do\u00a0&#8220;Di\u00e1logo com os Presidenci\u00e1veis&#8221;, organizado pela Associa\u00e7\u00e3o dos Delegados da Pol\u00edcia Federal (ADPF), na sede da institui\u00e7\u00e3o. \u00c0s 13h, concede entrevista ao vivo para a TV Bras\u00edlia. J\u00e1 \u00e0s 15h, se re\u00fane com membros do Observat\u00f3rio Pol\u00edtico do Setor de Servi\u00e7os, para a apresenta\u00e7\u00e3o do documento &#8220;O Brasil que queremos para 2023&#8221;.<\/p>\n<p><strong>Vera Lucia (PSTU)<\/strong>: a candidata come\u00e7a os compromissos de campanha \u00e0s 11h, concedendo entrevista \u00e0 Ag\u00eancia Estado\/Estad\u00e3o. \u00c0s 14h, est\u00e1 prevista a participa\u00e7\u00e3o de panfletagem na Pra\u00e7a Saldanha Marinho, em Santa Maria (RS), onde\u00a0Vera L\u00facia participa \u00e0s 19h30 de plen\u00e1ria com a milit\u00e2ncia e apoiadores.<\/p>\n<p>FONTE: Ag\u00eancia Brasil<\/p>\n","protected":false},"excerpt":{"rendered":"<p>Presidenci\u00e1veis t\u00eam agenda no Sul, Sudeste, Norte e Centro-Oeste Nesta quarta-feira (30), os candidatos \u00e0 Presid\u00eancia da Rep\u00fablica participam de campanhas nas ruas e\u00a0de eventos&hellip; <\/p>\n","protected":false},"author":6,"featured_media":255690,"comment_status":"closed","ping_status":"closed","sticky":false,"template":"","format":"standard","meta":{"sfsi_plus_gutenberg_text_before_share":"","sfsi_plus_gutenberg_show_text_before_share":"","sfsi_plus_gutenberg_icon_type":"","sfsi_plus_gutenberg_icon_alignemt":"","sfsi_plus_gutenburg_max_per_row":"","footnotes":""},"categories":[50,11],"tags":[],"class_list":["post-255689","post","type-post","status-publish","format-standard","has-post-thumbnail","hentry","category-destaque","category-politica"],"_links":{"self":[{"href":"https:\/\/www.caririemacao.com\/1\/wp-json\/wp\/v2\/posts\/255689","targetHints":{"allow":["GET"]}}],"collection":[{"href":"https:\/\/www.caririemacao.com\/1\/wp-json\/wp\/v2\/posts"}],"about":[{"href":"https:\/\/www.caririemacao.com\/1\/wp-json\/wp\/v2\/types\/post"}],"author":[{"embeddable":true,"href":"https:\/\/www.caririemacao.com\/1\/wp-json\/wp\/v2\/users\/6"}],"replies":[{"embeddable":true,"href":"https:\/\/www.caririemacao.com\/1\/wp-json\/wp\/v2\/comments?post=255689"}],"version-history":[{"count":2,"href":"https:\/\/www.caririemacao.com\/1\/wp-json\/wp\/v2\/posts\/255689\/revisions"}],"predecessor-version":[{"id":255692,"href":"https:\/\/www.caririemacao.com\/1\/wp-json\/wp\/v2\/posts\/255689\/revisions\/255692"}],"wp:featuredmedia":[{"embeddable":true,"href":"https:\/\/www.caririemacao.com\/1\/wp-json\/wp\/v2\/media\/255690"}],"wp:attachment":[{"href":"https:\/\/www.caririemacao.com\/1\/wp-json\/wp\/v2\/media?parent=255689"}],"wp:term":[{"taxonomy":"category","embeddable":true,"href":"https:\/\/www.caririemacao.com\/1\/wp-json\/wp\/v2\/categories?post=255689"},{"taxonomy":"post_tag","embeddable":true,"href":"https:\/\/www.caririemacao.com\/1\/wp-json\/wp\/v2\/tags?post=255689"}],"curies":[{"name":"wp","href":"https:\/\/api.w.org\/{rel}","templated":true}]}}