{"id":255696,"date":"2022-08-31T10:27:04","date_gmt":"2022-08-31T13:27:04","guid":{"rendered":"https:\/\/www.caririemacao.com\/1\/?p=255696"},"modified":"2022-08-31T10:27:04","modified_gmt":"2022-08-31T13:27:04","slug":"diretor-de-cadeia-e-encontrado-morto-em-alojamento-policia-investiga-caso","status":"publish","type":"post","link":"https:\/\/www.caririemacao.com\/1\/2022\/08\/31\/diretor-de-cadeia-e-encontrado-morto-em-alojamento-policia-investiga-caso\/","title":{"rendered":"Diretor de cadeia \u00e9 encontrado morto em alojamento; pol\u00edcia investiga caso"},"content":{"rendered":"<p>O diretor da cadeia de Alagoinha foi encontrado morto na manh\u00e3 desta quarta-feira (28). O corpo do homem, conhecido como Benjamin, estava deitado e enrolado em um len\u00e7ol no alojamento da unidade prisional que fica na parte superior do pr\u00e9dio.<\/p>\n<p>Ao lado do corpo havia uma arma de fogo. Populares informaram que durante a madrugada foi ouvido um tiro. A Pol\u00edcia Militar, Pol\u00edcia Penal e agentes agentes do Numol est\u00e3o no local e aguardam o delegado que investigar\u00e1 o caso.<\/p>\n<p>Natural de Campina Grande, o homem estava h\u00e1 pouco tempo no comando da cadeia de Alagoinha.<\/p>\n<p>MaisPB<\/p>\n","protected":false},"excerpt":{"rendered":"<p>O diretor da cadeia de Alagoinha foi encontrado morto na manh\u00e3 desta quarta-feira (28). O corpo do homem, conhecido como Benjamin, estava deitado e enrolado&hellip; <\/p>\n","protected":false},"author":6,"featured_media":255697,"comment_status":"closed","ping_status":"closed","sticky":false,"template":"","format":"standard","meta":{"sfsi_plus_gutenberg_text_before_share":"","sfsi_plus_gutenberg_show_text_before_share":"","sfsi_plus_gutenberg_icon_type":"","sfsi_plus_gutenberg_icon_alignemt":"","sfsi_plus_gutenburg_max_per_row":"","footnotes":""},"categories":[104],"tags":[],"class_list":["post-255696","post","type-post","status-publish","format-standard","has-post-thumbnail","hentry","category-paraiba"],"_links":{"self":[{"href":"https:\/\/www.caririemacao.com\/1\/wp-json\/wp\/v2\/posts\/255696","targetHints":{"allow":["GET"]}}],"collection":[{"href":"https:\/\/www.caririemacao.com\/1\/wp-json\/wp\/v2\/posts"}],"about":[{"href":"https:\/\/www.caririemacao.com\/1\/wp-json\/wp\/v2\/types\/post"}],"author":[{"embeddable":true,"href":"https:\/\/www.caririemacao.com\/1\/wp-json\/wp\/v2\/users\/6"}],"replies":[{"embeddable":true,"href":"https:\/\/www.caririemacao.com\/1\/wp-json\/wp\/v2\/comments?post=255696"}],"version-history":[{"count":1,"href":"https:\/\/www.caririemacao.com\/1\/wp-json\/wp\/v2\/posts\/255696\/revisions"}],"predecessor-version":[{"id":255698,"href":"https:\/\/www.caririemacao.com\/1\/wp-json\/wp\/v2\/posts\/255696\/revisions\/255698"}],"wp:featuredmedia":[{"embeddable":true,"href":"https:\/\/www.caririemacao.com\/1\/wp-json\/wp\/v2\/media\/255697"}],"wp:attachment":[{"href":"https:\/\/www.caririemacao.com\/1\/wp-json\/wp\/v2\/media?parent=255696"}],"wp:term":[{"taxonomy":"category","embeddable":true,"href":"https:\/\/www.caririemacao.com\/1\/wp-json\/wp\/v2\/categories?post=255696"},{"taxonomy":"post_tag","embeddable":true,"href":"https:\/\/www.caririemacao.com\/1\/wp-json\/wp\/v2\/tags?post=255696"}],"curies":[{"name":"wp","href":"https:\/\/api.w.org\/{rel}","templated":true}]}}