{"id":255865,"date":"2022-09-03T10:20:58","date_gmt":"2022-09-03T13:20:58","guid":{"rendered":"https:\/\/www.caririemacao.com\/1\/?p=255865"},"modified":"2022-09-03T10:20:58","modified_gmt":"2022-09-03T13:20:58","slug":"homem-e-assassinado-a-tiros-em-sua-propria-residencia-na-cidade-de-sao-joao-do-tigre","status":"publish","type":"post","link":"https:\/\/www.caririemacao.com\/1\/2022\/09\/03\/homem-e-assassinado-a-tiros-em-sua-propria-residencia-na-cidade-de-sao-joao-do-tigre\/","title":{"rendered":"Homem \u00e9 assassinado a tiros em sua pr\u00f3pria resid\u00eancia na cidade de S\u00e3o Jo\u00e3o do Tigre"},"content":{"rendered":"<p>Na noite desta \u00faltima sexta-feira (02), um homem foi assassinado a tiros em sua pr\u00f3pria resid\u00eancia na cidade de S\u00e3o Jo\u00e3o do Tigre, Cariri paraibano.<\/p>\n<p>De acordo com informa\u00e7\u00f5es, um homem identificado por Mauro S\u00e9rgio Mergulh\u00e3o da Silva, de 40 anos de idade, foi encontrado se sem vidas por populares com marcas de tiro pelo corpo.<\/p>\n<p>As for\u00e7as policiais estiveram no local do crime e isolaram o local at\u00e9 a chegada do IML. Ainda n\u00e3o h\u00e1 informa\u00e7\u00f5es sobre a autoria e a motiva\u00e7\u00e3o do crime.<\/p>\n<p>A v\u00edtima trabalhava de marchante e era bastante conhecido em S\u00e3o Jo\u00e3o do Tigre.<\/p>\n<p>De Olho no Cariri<\/p>\n","protected":false},"excerpt":{"rendered":"<p>Na noite desta \u00faltima sexta-feira (02), um homem foi assassinado a tiros em sua pr\u00f3pria resid\u00eancia na cidade de S\u00e3o Jo\u00e3o do Tigre, Cariri paraibano.&hellip; <\/p>\n","protected":false},"author":6,"featured_media":245607,"comment_status":"closed","ping_status":"closed","sticky":false,"template":"","format":"standard","meta":{"sfsi_plus_gutenberg_text_before_share":"","sfsi_plus_gutenberg_show_text_before_share":"","sfsi_plus_gutenberg_icon_type":"","sfsi_plus_gutenberg_icon_alignemt":"","sfsi_plus_gutenburg_max_per_row":"","footnotes":""},"categories":[106,12],"tags":[],"class_list":["post-255865","post","type-post","status-publish","format-standard","has-post-thumbnail","hentry","category-cariri","category-policia"],"_links":{"self":[{"href":"https:\/\/www.caririemacao.com\/1\/wp-json\/wp\/v2\/posts\/255865","targetHints":{"allow":["GET"]}}],"collection":[{"href":"https:\/\/www.caririemacao.com\/1\/wp-json\/wp\/v2\/posts"}],"about":[{"href":"https:\/\/www.caririemacao.com\/1\/wp-json\/wp\/v2\/types\/post"}],"author":[{"embeddable":true,"href":"https:\/\/www.caririemacao.com\/1\/wp-json\/wp\/v2\/users\/6"}],"replies":[{"embeddable":true,"href":"https:\/\/www.caririemacao.com\/1\/wp-json\/wp\/v2\/comments?post=255865"}],"version-history":[{"count":1,"href":"https:\/\/www.caririemacao.com\/1\/wp-json\/wp\/v2\/posts\/255865\/revisions"}],"predecessor-version":[{"id":255866,"href":"https:\/\/www.caririemacao.com\/1\/wp-json\/wp\/v2\/posts\/255865\/revisions\/255866"}],"wp:featuredmedia":[{"embeddable":true,"href":"https:\/\/www.caririemacao.com\/1\/wp-json\/wp\/v2\/media\/245607"}],"wp:attachment":[{"href":"https:\/\/www.caririemacao.com\/1\/wp-json\/wp\/v2\/media?parent=255865"}],"wp:term":[{"taxonomy":"category","embeddable":true,"href":"https:\/\/www.caririemacao.com\/1\/wp-json\/wp\/v2\/categories?post=255865"},{"taxonomy":"post_tag","embeddable":true,"href":"https:\/\/www.caririemacao.com\/1\/wp-json\/wp\/v2\/tags?post=255865"}],"curies":[{"name":"wp","href":"https:\/\/api.w.org\/{rel}","templated":true}]}}