{"id":255871,"date":"2022-09-03T14:45:10","date_gmt":"2022-09-03T17:45:10","guid":{"rendered":"https:\/\/www.caririemacao.com\/1\/?p=255871"},"modified":"2022-09-03T14:45:10","modified_gmt":"2022-09-03T17:45:10","slug":"joao-e-veneziano-apostam-em-campanhas-com-caravanas-pelo-estado-pedro-decide-copiar-estrategia","status":"publish","type":"post","link":"https:\/\/www.caririemacao.com\/1\/2022\/09\/03\/joao-e-veneziano-apostam-em-campanhas-com-caravanas-pelo-estado-pedro-decide-copiar-estrategia\/","title":{"rendered":"Jo\u00e3o e Veneziano apostam em campanhas com caravanas pelo Estado; Pedro decide copiar estrat\u00e9gia"},"content":{"rendered":"<p>Com campanhas eleitorais mais curtas, feitas em 45 dias, o desafio para os candidatos majorit\u00e1rios \u00e9 marcar presen\u00e7a fisicamente no maior n\u00famero de cidades poss\u00edvel. A Para\u00edba tem 223 munic\u00edpios, o que torna quase imposs\u00edvel a miss\u00e3o de passar por todos os lugares.<\/p>\n<p>Desde o in\u00edcio da disputa os candidatos Jo\u00e3o Azev\u00eado (PSB) e Veneziano Vital (MDB) t\u00eam adotado uma estrat\u00e9gia: eles t\u00eam promovido caravanas por regi\u00f5es diversas do Estado.<\/p>\n<p>Com isso conseguem passar, em um \u00fanico dia, por seis, sete ou at\u00e9 mais cidades. A t\u00e1tica, pelas fotos publicadas nas redes sociais, tem dado resultados positivos.<\/p>\n<p>Tanto \u00e9 que hoje mais uma das candidaturas passar\u00e1 a adotar a estrat\u00e9gia.<\/p>\n<p>O candidato Pedro Cunha Lima (PSDB) far\u00e1 uma carreata na regi\u00e3o do Brejo. O nome pode at\u00e9 ser diferente, mas a inten\u00e7\u00e3o e o formato s\u00e3o os mesmos.<\/p>\n<p>Das quatro candidaturas que aparecem mais bem posicionadas, conforme a pesquisa IPEC, apenas Nilvan Ferreira (PL) ainda n\u00e3o anunciou a realiza\u00e7\u00e3o de eventos semelhantes.<\/p>\n<p>Neste s\u00e1bado, por exemplo, ele optou por intensificar a campanha em Campina Grande.\u00a0J\u00e1 Jo\u00e3o Azev\u00eado participar\u00e1 de uma caravana pelo Vale do Pianc\u00f3. Veneziano Vital percorrer\u00e1 seis cidades do Cariri.<\/p>\n<p>&nbsp;<\/p>\n<p>Jornal da Para\u00edba\/Coluna Pleno Poder<\/p>\n","protected":false},"excerpt":{"rendered":"<p>Com campanhas eleitorais mais curtas, feitas em 45 dias, o desafio para os candidatos majorit\u00e1rios \u00e9 marcar presen\u00e7a fisicamente no maior n\u00famero de cidades poss\u00edvel.&hellip; <\/p>\n","protected":false},"author":6,"featured_media":255872,"comment_status":"closed","ping_status":"closed","sticky":false,"template":"","format":"standard","meta":{"sfsi_plus_gutenberg_text_before_share":"","sfsi_plus_gutenberg_show_text_before_share":"","sfsi_plus_gutenberg_icon_type":"","sfsi_plus_gutenberg_icon_alignemt":"","sfsi_plus_gutenburg_max_per_row":"","footnotes":""},"categories":[104],"tags":[],"class_list":["post-255871","post","type-post","status-publish","format-standard","has-post-thumbnail","hentry","category-paraiba"],"_links":{"self":[{"href":"https:\/\/www.caririemacao.com\/1\/wp-json\/wp\/v2\/posts\/255871","targetHints":{"allow":["GET"]}}],"collection":[{"href":"https:\/\/www.caririemacao.com\/1\/wp-json\/wp\/v2\/posts"}],"about":[{"href":"https:\/\/www.caririemacao.com\/1\/wp-json\/wp\/v2\/types\/post"}],"author":[{"embeddable":true,"href":"https:\/\/www.caririemacao.com\/1\/wp-json\/wp\/v2\/users\/6"}],"replies":[{"embeddable":true,"href":"https:\/\/www.caririemacao.com\/1\/wp-json\/wp\/v2\/comments?post=255871"}],"version-history":[{"count":1,"href":"https:\/\/www.caririemacao.com\/1\/wp-json\/wp\/v2\/posts\/255871\/revisions"}],"predecessor-version":[{"id":255873,"href":"https:\/\/www.caririemacao.com\/1\/wp-json\/wp\/v2\/posts\/255871\/revisions\/255873"}],"wp:featuredmedia":[{"embeddable":true,"href":"https:\/\/www.caririemacao.com\/1\/wp-json\/wp\/v2\/media\/255872"}],"wp:attachment":[{"href":"https:\/\/www.caririemacao.com\/1\/wp-json\/wp\/v2\/media?parent=255871"}],"wp:term":[{"taxonomy":"category","embeddable":true,"href":"https:\/\/www.caririemacao.com\/1\/wp-json\/wp\/v2\/categories?post=255871"},{"taxonomy":"post_tag","embeddable":true,"href":"https:\/\/www.caririemacao.com\/1\/wp-json\/wp\/v2\/tags?post=255871"}],"curies":[{"name":"wp","href":"https:\/\/api.w.org\/{rel}","templated":true}]}}