{"id":255946,"date":"2022-09-06T09:37:11","date_gmt":"2022-09-06T12:37:11","guid":{"rendered":"https:\/\/www.caririemacao.com\/1\/?p=255946"},"modified":"2022-09-06T09:37:11","modified_gmt":"2022-09-06T12:37:11","slug":"prefeitura-de-zabele-entrega-kits-escolares-e-equipamentos-para-as-escolas-da-rede-municipal-de-ensino","status":"publish","type":"post","link":"https:\/\/www.caririemacao.com\/1\/2022\/09\/06\/prefeitura-de-zabele-entrega-kits-escolares-e-equipamentos-para-as-escolas-da-rede-municipal-de-ensino\/","title":{"rendered":"Prefeitura de Zabel\u00ea entrega Kits Escolares e equipamentos para as Escolas da Rede Municipal de Ensino"},"content":{"rendered":"<p>Na tarde da \u00faltima segunda-feira (05), a Prefeitura de Zabel\u00ea, por meio da Secretaria Municipal de Educa\u00e7\u00e3o, realizou a entrega de uniformes escolares e kit escolar para todos os alunos matriculados nas unidades municipais de ensino da educa\u00e7\u00e3o infantil, ensino fundamental e EJA; tamb\u00e9m receberam fardamento os professores e demais profissionais das escolas.<\/p>\n<p>Os alunos receberam um kit contendo o fardamento das escolas, mochila, estojo, r\u00e9gua, caderno, canetas, cola e tesoura. A entrega do fardamento, cerca de 1410 pe\u00e7as, teve por objetivo garantir a organiza\u00e7\u00e3o e a igualdade entre os alunos da rede municipal de ensino do munic\u00edpio. Os materiais escolares que comp\u00f5em o kit fornecem todos os itens b\u00e1sicos necess\u00e1rios para serem usados durante as aulas pelos alunos. Foram entregues cerca de 500 kits escolares.<\/p>\n<p>Al\u00e9m das entregas de uniformes e kit escolares para os alunos, as unidades da rede municipal receberam 16 aparelhos de ar-condicionado, colaborando para melhorar a concentra\u00e7\u00e3o, desempenho e rendimento escolar de alunos. A iniciativa tamb\u00e9m proporciona melhores condi\u00e7\u00f5es de trabalho aos professores.<\/p>\n<p>A Prefeitura de Zabel\u00ea tamb\u00e9m realizou a aquisi\u00e7\u00e3o e a entrega de 45 notebooks para os educadores do munic\u00edpio. Atrav\u00e9s de melhores condi\u00e7\u00f5es de acessibilidade ao mundo digital, a entrega dos notebooks visa assegurar mais qualidade ao trabalho pedag\u00f3gico. A a\u00e7\u00e3o destaca uma das caracter\u00edsticas de nossa gest\u00e3o, que muito se empenha para investir cada vez mais em uma educa\u00e7\u00e3o de qualidade para os alunos do munic\u00edpio.<\/p>\n<p><img decoding=\"async\" data-src=\"https:\/\/scontent.fcau26-1.fna.fbcdn.net\/v\/t39.30808-6\/305204774_514199824039517_2694661248596395426_n.jpg?_nc_cat=110&amp;ccb=1-7&amp;_nc_sid=8bfeb9&amp;_nc_eui2=AeH4KasPXKUU8PBZYmSP82aTHvalASciv4Qe9qUBJyK_hC1tc6iNoF85VCaqqJkkxRMSJ-17Q619_5JihnI-muQf&amp;_nc_ohc=riEMzvOo1pgAX_E1C88&amp;_nc_ht=scontent.fcau26-1.fna&amp;oh=00_AT83hU2F8yjzae-0hh7rbwyTlQIIzs2xvGgIkYE4Fvg8Fg&amp;oe=631C99E8\" alt=\"Pode ser uma imagem de 4 pessoas, pessoas em p\u00e9 e \u00e1rea interna\" src=\"data:image\/svg+xml;base64,PHN2ZyB3aWR0aD0iMSIgaGVpZ2h0PSIxIiB4bWxucz0iaHR0cDovL3d3dy53My5vcmcvMjAwMC9zdmciPjwvc3ZnPg==\" class=\"lazyload\" \/><\/p>\n<p><img decoding=\"async\" data-src=\"https:\/\/scontent.fcau26-1.fna.fbcdn.net\/v\/t39.30808-6\/305436461_514199857372847_1680965736056400257_n.jpg?_nc_cat=110&amp;ccb=1-7&amp;_nc_sid=8bfeb9&amp;_nc_eui2=AeGv1ephecRquQfwLRQmjxBUaFY_O7E9YNRoVj87sT1g1NcQoaVzcZUXKQbt5a6Dqu9IMzoadJ4Hkq70-v371whJ&amp;_nc_ohc=SX2-xi2P0QYAX97PqFT&amp;tn=zV0Z3w9yKXCjwkNf&amp;_nc_ht=scontent.fcau26-1.fna&amp;oh=00_AT9ZV9oIHXkAvnv-wQaYUFvHlHdoKkep265hGLivbf_9Fw&amp;oe=631BA910\" alt=\"Pode ser uma imagem de 6 pessoas, pessoas em p\u00e9 e livro\" src=\"data:image\/svg+xml;base64,PHN2ZyB3aWR0aD0iMSIgaGVpZ2h0PSIxIiB4bWxucz0iaHR0cDovL3d3dy53My5vcmcvMjAwMC9zdmciPjwvc3ZnPg==\" class=\"lazyload\" \/><\/p>\n<p><img decoding=\"async\" data-src=\"https:\/\/scontent.fcau26-1.fna.fbcdn.net\/v\/t39.30808-6\/305608840_514199890706177_3648462379115921611_n.jpg?_nc_cat=105&amp;ccb=1-7&amp;_nc_sid=8bfeb9&amp;_nc_eui2=AeGlPzuC4lfplZ2jgmoToGuY5c3Vqd5K7RDlzdWp3krtEIqFzVdcoUTDMfGd9Aj9R9I5BvnTvkCLszpt_zJYJ4kR&amp;_nc_ohc=F_aj3hiUq5oAX9CGHw1&amp;_nc_ht=scontent.fcau26-1.fna&amp;oh=00_AT9lzaMjqT5IAn3m65b1jAT_kPD6zwMyL-SxrhiR7483FA&amp;oe=631CDF8E\" alt=\"Pode ser uma imagem de 7 pessoas e pessoas em p\u00e9\" src=\"data:image\/svg+xml;base64,PHN2ZyB3aWR0aD0iMSIgaGVpZ2h0PSIxIiB4bWxucz0iaHR0cDovL3d3dy53My5vcmcvMjAwMC9zdmciPjwvc3ZnPg==\" class=\"lazyload\" \/><\/p>\n<p><img decoding=\"async\" data-src=\"https:\/\/scontent.fcau26-1.fna.fbcdn.net\/v\/t39.30808-6\/304974724_514199954039504_4943305109225276807_n.jpg?_nc_cat=110&amp;ccb=1-7&amp;_nc_sid=8bfeb9&amp;_nc_eui2=AeFnLSXYPMkIezdLhAvkZYROISRstl4D4MYhJGy2XgPgxsNu0EnlD_bXQcSADp9loMtxJilPWs3X6eDAALR2_mWe&amp;_nc_ohc=oHOiTMSWpHEAX_2KZN6&amp;_nc_ht=scontent.fcau26-1.fna&amp;oh=00_AT-ElGwFgeUnVLg_U2whM5yZuSi07cFz0JSUPVL_PFpPLg&amp;oe=631B50DC\" alt=\"Nenhuma descri\u00e7\u00e3o de foto dispon\u00edvel.\" src=\"data:image\/svg+xml;base64,PHN2ZyB3aWR0aD0iMSIgaGVpZ2h0PSIxIiB4bWxucz0iaHR0cDovL3d3dy53My5vcmcvMjAwMC9zdmciPjwvc3ZnPg==\" class=\"lazyload\" \/><\/p>\n<p>&nbsp;<\/p>\n<p>Assessoria<\/p>\n","protected":false},"excerpt":{"rendered":"<p>Na tarde da \u00faltima segunda-feira (05), a Prefeitura de Zabel\u00ea, por meio da Secretaria Municipal de Educa\u00e7\u00e3o, realizou a entrega de uniformes escolares e kit&hellip; <\/p>\n","protected":false},"author":6,"featured_media":255947,"comment_status":"closed","ping_status":"closed","sticky":false,"template":"","format":"standard","meta":{"sfsi_plus_gutenberg_text_before_share":"","sfsi_plus_gutenberg_show_text_before_share":"","sfsi_plus_gutenberg_icon_type":"","sfsi_plus_gutenberg_icon_alignemt":"","sfsi_plus_gutenburg_max_per_row":"","footnotes":""},"categories":[97],"tags":[],"class_list":["post-255946","post","type-post","status-publish","format-standard","has-post-thumbnail","hentry","category-zabele"],"_links":{"self":[{"href":"https:\/\/www.caririemacao.com\/1\/wp-json\/wp\/v2\/posts\/255946","targetHints":{"allow":["GET"]}}],"collection":[{"href":"https:\/\/www.caririemacao.com\/1\/wp-json\/wp\/v2\/posts"}],"about":[{"href":"https:\/\/www.caririemacao.com\/1\/wp-json\/wp\/v2\/types\/post"}],"author":[{"embeddable":true,"href":"https:\/\/www.caririemacao.com\/1\/wp-json\/wp\/v2\/users\/6"}],"replies":[{"embeddable":true,"href":"https:\/\/www.caririemacao.com\/1\/wp-json\/wp\/v2\/comments?post=255946"}],"version-history":[{"count":1,"href":"https:\/\/www.caririemacao.com\/1\/wp-json\/wp\/v2\/posts\/255946\/revisions"}],"predecessor-version":[{"id":255948,"href":"https:\/\/www.caririemacao.com\/1\/wp-json\/wp\/v2\/posts\/255946\/revisions\/255948"}],"wp:featuredmedia":[{"embeddable":true,"href":"https:\/\/www.caririemacao.com\/1\/wp-json\/wp\/v2\/media\/255947"}],"wp:attachment":[{"href":"https:\/\/www.caririemacao.com\/1\/wp-json\/wp\/v2\/media?parent=255946"}],"wp:term":[{"taxonomy":"category","embeddable":true,"href":"https:\/\/www.caririemacao.com\/1\/wp-json\/wp\/v2\/categories?post=255946"},{"taxonomy":"post_tag","embeddable":true,"href":"https:\/\/www.caririemacao.com\/1\/wp-json\/wp\/v2\/tags?post=255946"}],"curies":[{"name":"wp","href":"https:\/\/api.w.org\/{rel}","templated":true}]}}