{"id":255949,"date":"2022-09-06T09:39:45","date_gmt":"2022-09-06T12:39:45","guid":{"rendered":"https:\/\/www.caririemacao.com\/1\/?p=255949"},"modified":"2022-09-06T09:39:45","modified_gmt":"2022-09-06T12:39:45","slug":"informe-publicitario-atletas-sumeenses-sao-ouro-e-prata-no-meeting-estadual-de-judo","status":"publish","type":"post","link":"https:\/\/www.caririemacao.com\/1\/2022\/09\/06\/informe-publicitario-atletas-sumeenses-sao-ouro-e-prata-no-meeting-estadual-de-judo\/","title":{"rendered":"INFORME PUBLICIT\u00c1RIO: Atletas sumeenses s\u00e3o ouro e prata no Meeting Estadual de Jud\u00f4"},"content":{"rendered":"<p>No \u00faltimo s\u00e1bado, 03, aconteceu na capital Jo\u00e3o Pessoa, o Meeting Estadual de Jud\u00f4, campeonato que conta pontos para o ranking estadual, que por sua vez, define qual o atleta que ser\u00e1 titular na Sele\u00e7\u00e3o Paraibana de Jud\u00f4, por idade.<\/p>\n<p>Nesse campeonato os atletas da classe Sub13 e Sub15 disputaram a vaga para a Sele\u00e7\u00e3o Paraibana de Jud\u00f4 e assim poder representar o estado no Campeonato Brasileiro que acontecer\u00e1 nos dias 15 e 16 de outubro na cidade de Curitiba, Paran\u00e1.<\/p>\n<p>Mais uma vez o munic\u00edpio de Sum\u00e9 foi destaque em v\u00e1rias categorias\/idade, pontuando e sendo medalhista de ouro e prata.<\/p>\n<ol>\n<li>Eros Ribeiro Feitosa Santa Cruz \u2013 1\u00ba lugar (Sub13 at\u00e9 38kg)<\/li>\n<li>Muller de Farias Sousa \u2013 1\u00ba lugar (Sub13 at\u00e9 34kg)<\/li>\n<li>Stella Rodrigues L\u00eala \u2013 1\u00ba lugar (Sub13 at\u00e9 34kg)<\/li>\n<li>Stephanni Rodrigues L\u00eala \u2013 2\u00ba lugar (Sub15 at\u00e9 63kg)<\/li>\n<li>Maria Helloa Braz da Silva \u2013 2\u00ba lugar (Sub15 at\u00e9 57kg)<\/li>\n<li>Italo Rian de Souza Ara\u00fajo \u2013 2\u00ba lugar (Sub13 at\u00e9 31kg)<\/li>\n<li>Akyllis de Lima Silva \u2013 2\u00ba lugar (Sub13 at\u00e9 34kg)<\/li>\n<\/ol>\n<p>A equipe de Sum\u00e9 tamb\u00e9m disputou o Sub11, Sub18, Sub21 e S\u00eanior, obtendo a seguinte coloca\u00e7\u00e3o:<\/p>\n<ol>\n<li>Viktor Kayky Santos Alves da Silva \u2013 1\u00ba lugar (Sub18 at\u00e9 66kg)<\/li>\n<li>Vanessa Ferreira do Carmo Silva \u2013 1\u00ba lugar (Sub21 at\u00e9 48kg)<\/li>\n<li>Vanessa Ferreira do Carmo Silva \u2013 1\u00ba lugar (S\u00eanior at\u00e9 48kg)<\/li>\n<li>Cristal Ribeiro Feitosa Santa Cruz \u2013 1\u00ba lugar (Sub11 at\u00e9 30kg)<\/li>\n<li>Liana Celeste Barros Cordeiro \u2013 2\u00ba lugar (S\u00eanior at\u00e9 57kg)<\/li>\n<li>Jo\u00e3o Vitor de Lima Lopes \u2013 2\u00ba lugar (Sub18 at\u00e9 60kg)<\/li>\n<li>Joaquim Ricardo Carlos \u2013 2\u00ba lugar (Sub18 at\u00e9 90kg)<\/li>\n<li>Luiz Ara\u00fajo de Lima Neto \u2013 2\u00ba lugar (Sub18 at\u00e9 55kg)<\/li>\n<li>Caroline da Silva Freitas \u2013 3\u00ba lugar (S\u00eanior at\u00e9 63kg)<\/li>\n<li>Agnis Pamela Sim\u00f5es do Nascimento \u2013 3\u00ba lugar (S\u00eanior at\u00e9 57kg)<\/li>\n<li>Cecilia Lima S\u00e1 \u2013 3\u00ba lugar (Sub11 at\u00e9 36kg)<\/li>\n<li>Jos\u00e9 Augusto de Ara\u00fajo Jorge \u2013 3\u00ba lugar (S\u00eanior at\u00e9 100kg)<\/li>\n<li>Hugo Renato Sousa Ventura \u2013 5\u00ba lugar (Sub18 at\u00e9 73kg)<\/li>\n<li>Jo\u00e3o Lucas Arag\u00e3o Rodrigues Albino \u2013 7\u00ba lugar (Sub11 at\u00e9 40kg)<\/li>\n<\/ol>\n<p>Com esses resultados a equipe sumeense terminou em 3\u00ba lugar no quadro de medalhas geral. \u201cAgora \u00e9 aguardar que a Federa\u00e7\u00e3o Paraibana de Jud\u00f4 atualize o ranking estadual para sabermos qual dos nossos atletas far\u00e1 parte da Sele\u00e7\u00e3o Paraibana de Jud\u00f4 nesse campeonato nacional. Eu n\u00e3o me contenho de orgulho e felicidade pela conquista dessas crian\u00e7as e adolescentes. Parab\u00e9ns aos professores, pais e todos os respons\u00e1veis por essas conquistas\u201d, disse o prefeito \u00c9den.<\/p>\n<p>. Os pr\u00f3ximos eventos agendados s\u00e3o:<\/p>\n<ul>\n<li>Dia 24\/09 \u2013 I Etapa do Campeonato Paraibano de Jud\u00f4<\/li>\n<li>Dias 15 e 16\/10 \u2013 Campeonato Brasileiro de Jud\u00f4 Sub-13 e Sub-15<\/li>\n<li>Dia 29\/10 \u2013 II Etapa do Campeonato Paraibano de Jud\u00f4<\/li>\n<li>Dia 26\/11 \u2013 III Etapa do Campeonato Paraibano de Jud\u00f4<\/li>\n<li>Novembro\/2022 \u2013 Campeonato Brasileiro de Jogos Escolares<\/li>\n<\/ul>\n<figure class=\"wp-block-image\"><img decoding=\"async\" data-src=\"https:\/\/scontent.fcau26-1.fna.fbcdn.net\/v\/t1.15752-9\/305316217_515124723755777_7903575693185661722_n.jpg?_nc_cat=104&amp;ccb=1-7&amp;_nc_sid=ae9488&amp;_nc_eui2=AeFBwYgSg9tW1eEqp0VLiI00cPdQso0bvdlw91CyjRu92RL3HdV3NKvQNohySi4vFf4ijk7-7PS71kJM4TH9muDj&amp;_nc_ohc=id0eVmQFbsoAX9RQ7xy&amp;_nc_ht=scontent.fcau26-1.fna&amp;oh=03_AVIW9LLqNK_Fx6VlNCjH6z9gmLIb6Th1BdCXSK6TcDfOpQ&amp;oe=633B994D\" alt=\"Nenhuma descri\u00e7\u00e3o dispon\u00edvel.\" src=\"data:image\/svg+xml;base64,PHN2ZyB3aWR0aD0iMSIgaGVpZ2h0PSIxIiB4bWxucz0iaHR0cDovL3d3dy53My5vcmcvMjAwMC9zdmciPjwvc3ZnPg==\" class=\"lazyload\" \/><\/figure>\n<figure class=\"wp-block-image\"><img decoding=\"async\" data-src=\"https:\/\/scontent.fcau26-1.fna.fbcdn.net\/v\/t1.15752-9\/304965192_460321876146550_6310699654631958346_n.jpg?_nc_cat=110&amp;ccb=1-7&amp;_nc_sid=ae9488&amp;_nc_eui2=AeG1a_0vaiYbCRnQYf_qjMuWhEtwiV8P0FGES3CJXw_QUXohhQWaCWXF3hxsaMrb-ueliJJxD7GDMmWKK4zMOBtm&amp;_nc_ohc=oJK0PKQ4TQMAX-WFI3D&amp;_nc_ht=scontent.fcau26-1.fna&amp;oh=03_AVKorpDa9769taS3LoEfGtLSu7mpG2bpekcBMf23DF8YVQ&amp;oe=633D8D65\" alt=\"Nenhuma descri\u00e7\u00e3o dispon\u00edvel.\" src=\"data:image\/svg+xml;base64,PHN2ZyB3aWR0aD0iMSIgaGVpZ2h0PSIxIiB4bWxucz0iaHR0cDovL3d3dy53My5vcmcvMjAwMC9zdmciPjwvc3ZnPg==\" class=\"lazyload\" \/><\/figure>\n<figure class=\"wp-block-image\"><img decoding=\"async\" data-src=\"https:\/\/scontent.fcau26-1.fna.fbcdn.net\/v\/t1.15752-9\/305017538_411926924417410_9023100064247230908_n.jpg?_nc_cat=102&amp;ccb=1-7&amp;_nc_sid=ae9488&amp;_nc_eui2=AeFOpHhQ5JeOJKekpasMMpNub-EabN3q4LVv4Rps3ergtaNBRQyJQ3XTtYMkXR7swLtsXrmC1jC8W_lXjmqzFcVV&amp;_nc_ohc=IKwntLiG17kAX_Qoa2-&amp;_nc_ht=scontent.fcau26-1.fna&amp;oh=03_AVK_Y6WmLUeeQDYUOXmVOBEgXVG4gj87JMpGymP1YHW58A&amp;oe=633BA091\" alt=\"Nenhuma descri\u00e7\u00e3o dispon\u00edvel.\" src=\"data:image\/svg+xml;base64,PHN2ZyB3aWR0aD0iMSIgaGVpZ2h0PSIxIiB4bWxucz0iaHR0cDovL3d3dy53My5vcmcvMjAwMC9zdmciPjwvc3ZnPg==\" class=\"lazyload\" \/><\/figure>\n<figure class=\"wp-block-image\"><img decoding=\"async\" data-src=\"https:\/\/scontent.fcau26-1.fna.fbcdn.net\/v\/t1.15752-9\/286358164_3249759918570366_7190336704247397675_n.jpg?_nc_cat=108&amp;ccb=1-7&amp;_nc_sid=ae9488&amp;_nc_eui2=AeGGRZoHvenGKBxEPBtPONV14BCei07rtz_gEJ6LTuu3PyvCDjUQd74QPJBy_NKzuFGPbhEX0RdpIWaCU98RUaOA&amp;_nc_ohc=CQXGuLY6rKwAX_ZJK1-&amp;_nc_ht=scontent.fcau26-1.fna&amp;oh=03_AVLTLWKk4XSXYhl4fcn-aR_tq22cQ7piPwHyxBPFEZOwNg&amp;oe=633C2DB8\" alt=\"Nenhuma descri\u00e7\u00e3o dispon\u00edvel.\" src=\"data:image\/svg+xml;base64,PHN2ZyB3aWR0aD0iMSIgaGVpZ2h0PSIxIiB4bWxucz0iaHR0cDovL3d3dy53My5vcmcvMjAwMC9zdmciPjwvc3ZnPg==\" class=\"lazyload\" \/><\/figure>\n<figure class=\"wp-block-image\"><img decoding=\"async\" data-src=\"https:\/\/scontent.fcau26-1.fna.fbcdn.net\/v\/t1.15752-9\/305605018_780769863126030_6571228114668020664_n.jpg?_nc_cat=103&amp;ccb=1-7&amp;_nc_sid=ae9488&amp;_nc_eui2=AeEpNtpuPblXsj6HwlFLmmU4runbk91qa22u6duT3WprbW5pr8_WfWfNlVI3LonXVya3dw4GPDRA-41LQYR7wDS0&amp;_nc_ohc=PEggPlQ85jIAX8IaIRJ&amp;_nc_ht=scontent.fcau26-1.fna&amp;oh=03_AVLlPVbL-7srKB4fq9PRZVQ79JLu-nJ1dtU5A1a--Ek-RQ&amp;oe=633CBD4D\" alt=\"Nenhuma descri\u00e7\u00e3o dispon\u00edvel.\" src=\"data:image\/svg+xml;base64,PHN2ZyB3aWR0aD0iMSIgaGVpZ2h0PSIxIiB4bWxucz0iaHR0cDovL3d3dy53My5vcmcvMjAwMC9zdmciPjwvc3ZnPg==\" class=\"lazyload\" \/><\/figure>\n<div class=\"wp-block-image\">\n<figure class=\"aligncenter\"><img decoding=\"async\" class=\"wp-image-10190 aligncenter lazyload\" data-src=\"https:\/\/paraibadagente.com.br\/site\/wp-content\/uploads\/2022\/01\/Logo-Sume-300x300.jpeg\" alt=\"\" src=\"data:image\/svg+xml;base64,PHN2ZyB3aWR0aD0iMSIgaGVpZ2h0PSIxIiB4bWxucz0iaHR0cDovL3d3dy53My5vcmcvMjAwMC9zdmciPjwvc3ZnPg==\" style=\"--smush-placeholder-width: 300px; --smush-placeholder-aspect-ratio: 300\/300;\" \/><\/figure>\n<\/div>\n","protected":false},"excerpt":{"rendered":"<p>No \u00faltimo s\u00e1bado, 03, aconteceu na capital Jo\u00e3o Pessoa, o Meeting Estadual de Jud\u00f4, campeonato que conta pontos para o ranking estadual, que por sua&hellip; <\/p>\n","protected":false},"author":6,"featured_media":255950,"comment_status":"closed","ping_status":"closed","sticky":false,"template":"","format":"standard","meta":{"sfsi_plus_gutenberg_text_before_share":"","sfsi_plus_gutenberg_show_text_before_share":"","sfsi_plus_gutenberg_icon_type":"","sfsi_plus_gutenberg_icon_alignemt":"","sfsi_plus_gutenburg_max_per_row":"","footnotes":""},"categories":[95],"tags":[],"class_list":["post-255949","post","type-post","status-publish","format-standard","has-post-thumbnail","hentry","category-sume"],"_links":{"self":[{"href":"https:\/\/www.caririemacao.com\/1\/wp-json\/wp\/v2\/posts\/255949","targetHints":{"allow":["GET"]}}],"collection":[{"href":"https:\/\/www.caririemacao.com\/1\/wp-json\/wp\/v2\/posts"}],"about":[{"href":"https:\/\/www.caririemacao.com\/1\/wp-json\/wp\/v2\/types\/post"}],"author":[{"embeddable":true,"href":"https:\/\/www.caririemacao.com\/1\/wp-json\/wp\/v2\/users\/6"}],"replies":[{"embeddable":true,"href":"https:\/\/www.caririemacao.com\/1\/wp-json\/wp\/v2\/comments?post=255949"}],"version-history":[{"count":1,"href":"https:\/\/www.caririemacao.com\/1\/wp-json\/wp\/v2\/posts\/255949\/revisions"}],"predecessor-version":[{"id":255951,"href":"https:\/\/www.caririemacao.com\/1\/wp-json\/wp\/v2\/posts\/255949\/revisions\/255951"}],"wp:featuredmedia":[{"embeddable":true,"href":"https:\/\/www.caririemacao.com\/1\/wp-json\/wp\/v2\/media\/255950"}],"wp:attachment":[{"href":"https:\/\/www.caririemacao.com\/1\/wp-json\/wp\/v2\/media?parent=255949"}],"wp:term":[{"taxonomy":"category","embeddable":true,"href":"https:\/\/www.caririemacao.com\/1\/wp-json\/wp\/v2\/categories?post=255949"},{"taxonomy":"post_tag","embeddable":true,"href":"https:\/\/www.caririemacao.com\/1\/wp-json\/wp\/v2\/tags?post=255949"}],"curies":[{"name":"wp","href":"https:\/\/api.w.org\/{rel}","templated":true}]}}