{"id":256136,"date":"2022-09-10T10:31:51","date_gmt":"2022-09-10T13:31:51","guid":{"rendered":"https:\/\/www.caririemacao.com\/1\/?p=256136"},"modified":"2022-09-10T10:46:24","modified_gmt":"2022-09-10T13:46:24","slug":"apoiadores-do-presidente-jair-bolsonaro-anunciam-carreata-em-varias-cidades-do-cariri-no-dia-18-de-setembro","status":"publish","type":"post","link":"https:\/\/www.caririemacao.com\/1\/2022\/09\/10\/apoiadores-do-presidente-jair-bolsonaro-anunciam-carreata-em-varias-cidades-do-cariri-no-dia-18-de-setembro\/","title":{"rendered":"Apoiadores do presidente Jair Bolsonaro anunciam carreata em v\u00e1rias cidades do Cariri no dia 18 de setembro"},"content":{"rendered":"<p>Apoiadores do presidente Jair Bolsonaro realizar\u00e3o no pr\u00f3ximo dia 18 de setembro uma carreata por v\u00e1rias cidades da regi\u00e3o do Cariri. Em um post divulgado atrav\u00e9s das redes sociais, os organizadores intitularam o movimento de &#8216;Carreata Direita Cariri&#8217;.<\/p>\n<p>Ainda de acordo com o post, a carreata come\u00e7ar\u00e1 na cidade de Boa Vista, e passar\u00e1 pelas cidades de S\u00e3o Jo\u00e3o do Cariri, Serra Branca, Sum\u00e9, com encerramento na cidade de Monteiro.<\/p>\n<p><img decoding=\"async\" class=\"aligncenter lazyload\" data-src=\"https:\/\/scontent.fcau26-1.fna.fbcdn.net\/v\/t39.30808-6\/305479494_5173139222813553_5318110758626608353_n.jpg?_nc_cat=110&amp;ccb=1-7&amp;_nc_sid=730e14&amp;_nc_eui2=AeEHSdPllFrgcLlgACvwp_YHBI4zqc3TnQAEjjOpzdOdAKdOUNZZGFOEhL3I1lQwzeomudqnbQkZ5u9h7AunzjAu&amp;_nc_ohc=oNS5vzmzjbEAX-d5bY4&amp;_nc_ht=scontent.fcau26-1.fna&amp;oh=00_AT9d_i3RbHyazbNtBbLURGp5osUxMeF0TxCUG3QNlcbq_w&amp;oe=6321F1DE\" alt=\"Pode ser uma imagem de ao ar livre e texto que diz &quot;18 SETEMBRO CARREATA DIREITA CARIRI PITSTOP SERRA BRANCA 16h PITSTOP SUME 17h PITSTOP S\u00c3O JOAO DO CARIRI 15h ENCERRAMENTO MONTEIRO 18:30h 08O0OCARIOU CONCENTRA\u00c7\u00c3O BOA VISTA 13h \u0a2a SERVAD&quot;\" src=\"data:image\/svg+xml;base64,PHN2ZyB3aWR0aD0iMSIgaGVpZ2h0PSIxIiB4bWxucz0iaHR0cDovL3d3dy53My5vcmcvMjAwMC9zdmciPjwvc3ZnPg==\" \/><\/p>\n<p>&nbsp;<\/p>\n<p><strong>CARIRI EM A\u00c7\u00c3O<\/strong><\/p>\n","protected":false},"excerpt":{"rendered":"<p>Apoiadores do presidente Jair Bolsonaro realizar\u00e3o no pr\u00f3ximo dia 18 de setembro uma carreata por v\u00e1rias cidades da regi\u00e3o do Cariri. Em um post divulgado&hellip; <\/p>\n","protected":false},"author":6,"featured_media":256139,"comment_status":"closed","ping_status":"closed","sticky":false,"template":"","format":"standard","meta":{"sfsi_plus_gutenberg_text_before_share":"","sfsi_plus_gutenberg_show_text_before_share":"","sfsi_plus_gutenberg_icon_type":"","sfsi_plus_gutenberg_icon_alignemt":"","sfsi_plus_gutenburg_max_per_row":"","footnotes":""},"categories":[106],"tags":[],"class_list":["post-256136","post","type-post","status-publish","format-standard","has-post-thumbnail","hentry","category-cariri"],"_links":{"self":[{"href":"https:\/\/www.caririemacao.com\/1\/wp-json\/wp\/v2\/posts\/256136","targetHints":{"allow":["GET"]}}],"collection":[{"href":"https:\/\/www.caririemacao.com\/1\/wp-json\/wp\/v2\/posts"}],"about":[{"href":"https:\/\/www.caririemacao.com\/1\/wp-json\/wp\/v2\/types\/post"}],"author":[{"embeddable":true,"href":"https:\/\/www.caririemacao.com\/1\/wp-json\/wp\/v2\/users\/6"}],"replies":[{"embeddable":true,"href":"https:\/\/www.caririemacao.com\/1\/wp-json\/wp\/v2\/comments?post=256136"}],"version-history":[{"count":4,"href":"https:\/\/www.caririemacao.com\/1\/wp-json\/wp\/v2\/posts\/256136\/revisions"}],"predecessor-version":[{"id":256141,"href":"https:\/\/www.caririemacao.com\/1\/wp-json\/wp\/v2\/posts\/256136\/revisions\/256141"}],"wp:featuredmedia":[{"embeddable":true,"href":"https:\/\/www.caririemacao.com\/1\/wp-json\/wp\/v2\/media\/256139"}],"wp:attachment":[{"href":"https:\/\/www.caririemacao.com\/1\/wp-json\/wp\/v2\/media?parent=256136"}],"wp:term":[{"taxonomy":"category","embeddable":true,"href":"https:\/\/www.caririemacao.com\/1\/wp-json\/wp\/v2\/categories?post=256136"},{"taxonomy":"post_tag","embeddable":true,"href":"https:\/\/www.caririemacao.com\/1\/wp-json\/wp\/v2\/tags?post=256136"}],"curies":[{"name":"wp","href":"https:\/\/api.w.org\/{rel}","templated":true}]}}