{"id":256142,"date":"2022-09-10T20:51:31","date_gmt":"2022-09-10T23:51:31","guid":{"rendered":"https:\/\/www.caririemacao.com\/1\/?p=256142"},"modified":"2022-09-10T20:51:31","modified_gmt":"2022-09-10T23:51:31","slug":"video-aliados-do-cabo-gilberto-e-de-bruno-roberto-trocam-empurroes-e-gritos-em-reuniao-no-cariri","status":"publish","type":"post","link":"https:\/\/www.caririemacao.com\/1\/2022\/09\/10\/video-aliados-do-cabo-gilberto-e-de-bruno-roberto-trocam-empurroes-e-gritos-em-reuniao-no-cariri\/","title":{"rendered":"V\u00cdDEO: Aliados do Cabo Gilberto e de Bruno Roberto trocam empurr\u00f5es e gritos em reuni\u00e3o no Cariri"},"content":{"rendered":"<p>Uma briga atribu\u00edda a aliados do Cabo Gilberto (PL) e de Bruno Roberto (PL) foi registrada no encontro da direita em Soledade, no Cariri da\u00a0 Para\u00edba. Neste s\u00e1bado (10), Bruno Roberto discursava quando foi interrompido por um homem que o questionou se ele iria se encontrar com Veneziano Vital do R\u00eago (MDB), em Cajazeiras, no Sert\u00e3o paraibano.<\/p>\n<p>O candidato ao Senado, Bruno Roberto, rebateu que n\u00e3o iria encontrar Veneziano, &#8220;que Veneziano sequer \u00e9 votado l\u00e1&#8221;. O homem, ent\u00e3o, retrucou: &#8220;Mas o que \u00e9 isso aqui?&#8221;<\/p>\n<p>O pai de Bruno, o deputado Wellington Roberto, levantou-se e confrontou o homem da plateia. &#8220;O que \u00e9 isso o qu\u00ea? Voc\u00ea veio aqui para perturbar, foi?&#8221;<\/p>\n<p>&#8220;Ficam inquietos e partem para esse tipo de ataque covarde quando n\u00f3s expomos que essas pessoas se confraternizam com Julian Lemos. N\u00e3o fui eu que estava abra\u00e7ando Ricardo Coutinho nos bastidores do debate&#8221;, mencionou Bruno Roberto ap\u00f3s a confus\u00e3o, lembrando dos cumprimentos que S\u00e9rgio Queiroz fez a Ricardo Coutinho nos bastidores de um dos debates com candidatos ao Senado pela Para\u00edba.<\/p>\n<p>Os presentes relataram empurr\u00f5es e tapas em meio \u00e0 confus\u00e3o. Houve gritos de uns contra outros e a reuni\u00e3o foi pacificada.<\/p>\n<p><div class=\"ose-youtube ose-uid-943de78494b51519bb53f403ff046547 ose-embedpress-responsive\" style=\"width:600px; height:550px; max-height:550px; max-width:100%; display:inline-block;\" data-embed-type=\"Youtube\"><iframe allowFullScreen=\"true\" title=\"Encontro da direita tem confronto entre apoiadores de Bruno Roberto e do Cabo Gilberto\" width=\"600\" height=\"550\" data-src=\"https:\/\/www.youtube.com\/embed\/SNgWrCFNFCM?feature=oembed&color=red&rel=0&controls=1&start=&end=&fs=0&iv_load_policy=0&autoplay=0&mute=0&modestbranding=0&cc_load_policy=1&playsinline=1\" frameborder=\"0\" allow=\"accelerometer; encrypted-media;accelerometer;autoplay;clipboard-write;gyroscope;picture-in-picture clipboard-write; encrypted-media; gyroscope; picture-in-picture; web-share\" referrerpolicy=\"strict-origin-when-cross-origin\" allowfullscreen src=\"data:image\/svg+xml;base64,PHN2ZyB3aWR0aD0iMSIgaGVpZ2h0PSIxIiB4bWxucz0iaHR0cDovL3d3dy53My5vcmcvMjAwMC9zdmciPjwvc3ZnPg==\" class=\"lazyload\" data-load-mode=\"1\"><\/iframe><\/div><\/p>\n<p>Click PB<\/p>\n","protected":false},"excerpt":{"rendered":"<p>Uma briga atribu\u00edda a aliados do Cabo Gilberto (PL) e de Bruno Roberto (PL) foi registrada no encontro da direita em Soledade, no Cariri da\u00a0&hellip; <\/p>\n","protected":false},"author":6,"featured_media":256143,"comment_status":"closed","ping_status":"closed","sticky":false,"template":"","format":"standard","meta":{"sfsi_plus_gutenberg_text_before_share":"","sfsi_plus_gutenberg_show_text_before_share":"","sfsi_plus_gutenberg_icon_type":"","sfsi_plus_gutenberg_icon_alignemt":"","sfsi_plus_gutenburg_max_per_row":"","footnotes":""},"categories":[106],"tags":[],"class_list":["post-256142","post","type-post","status-publish","format-standard","has-post-thumbnail","hentry","category-cariri"],"_links":{"self":[{"href":"https:\/\/www.caririemacao.com\/1\/wp-json\/wp\/v2\/posts\/256142","targetHints":{"allow":["GET"]}}],"collection":[{"href":"https:\/\/www.caririemacao.com\/1\/wp-json\/wp\/v2\/posts"}],"about":[{"href":"https:\/\/www.caririemacao.com\/1\/wp-json\/wp\/v2\/types\/post"}],"author":[{"embeddable":true,"href":"https:\/\/www.caririemacao.com\/1\/wp-json\/wp\/v2\/users\/6"}],"replies":[{"embeddable":true,"href":"https:\/\/www.caririemacao.com\/1\/wp-json\/wp\/v2\/comments?post=256142"}],"version-history":[{"count":1,"href":"https:\/\/www.caririemacao.com\/1\/wp-json\/wp\/v2\/posts\/256142\/revisions"}],"predecessor-version":[{"id":256144,"href":"https:\/\/www.caririemacao.com\/1\/wp-json\/wp\/v2\/posts\/256142\/revisions\/256144"}],"wp:featuredmedia":[{"embeddable":true,"href":"https:\/\/www.caririemacao.com\/1\/wp-json\/wp\/v2\/media\/256143"}],"wp:attachment":[{"href":"https:\/\/www.caririemacao.com\/1\/wp-json\/wp\/v2\/media?parent=256142"}],"wp:term":[{"taxonomy":"category","embeddable":true,"href":"https:\/\/www.caririemacao.com\/1\/wp-json\/wp\/v2\/categories?post=256142"},{"taxonomy":"post_tag","embeddable":true,"href":"https:\/\/www.caririemacao.com\/1\/wp-json\/wp\/v2\/tags?post=256142"}],"curies":[{"name":"wp","href":"https:\/\/api.w.org\/{rel}","templated":true}]}}