{"id":256145,"date":"2022-09-11T12:11:45","date_gmt":"2022-09-11T15:11:45","guid":{"rendered":"https:\/\/www.caririemacao.com\/1\/?p=256145"},"modified":"2022-09-11T12:11:45","modified_gmt":"2022-09-11T15:11:45","slug":"veja-as-agendas-dos-candidatos-a-presidencia-neste-domingo-11-9","status":"publish","type":"post","link":"https:\/\/www.caririemacao.com\/1\/2022\/09\/11\/veja-as-agendas-dos-candidatos-a-presidencia-neste-domingo-11-9\/","title":{"rendered":"Veja as agendas dos candidatos \u00e0 Presid\u00eancia neste domingo (11\/9)"},"content":{"rendered":"<h3 class=\"col-10 offset-1 animated fadeInDown dealy-900 display-8 display-md-8 alt-font font-italic my-1 text-center\" style=\"text-align: center;\"><em><strong>Presidenci\u00e1veis entram na quinta semana de campanha<\/strong><\/em><\/h3>\n<p>Confira as agendas dos candidatos \u00e0 Presid\u00eancia da Rep\u00fablica neste\u00a0domingo (11):<img decoding=\"async\" data-src=\"https:\/\/agenciabrasil.ebc.com.br\/ebc.png?id=1481621&amp;o=node\" src=\"data:image\/svg+xml;base64,PHN2ZyB3aWR0aD0iMSIgaGVpZ2h0PSIxIiB4bWxucz0iaHR0cDovL3d3dy53My5vcmcvMjAwMC9zdmciPjwvc3ZnPg==\" class=\"lazyload\" \/><img decoding=\"async\" data-src=\"https:\/\/agenciabrasil.ebc.com.br\/ebc.gif?id=1481621&amp;o=node\" src=\"data:image\/svg+xml;base64,PHN2ZyB3aWR0aD0iMSIgaGVpZ2h0PSIxIiB4bWxucz0iaHR0cDovL3d3dy53My5vcmcvMjAwMC9zdmciPjwvc3ZnPg==\" class=\"lazyload\" \/><\/p>\n<p><strong>Ciro Gomes (PDT)<\/strong>: participa de lan\u00e7amento de campanha de candidata local, \u00e0s 11h, na Academia de Samba Praieira, em\u00a0Praias Belas, em\u00a0Porto Alegre (RS)<\/p>\n<p><strong>Constituinte Eymael (DC)<\/strong>:\u00a0descansa com a fam\u00edlia.<\/p>\n<p><strong>Felipe D\u2019\u00c1vila (Novo)<\/strong>: participa, \u00e0s 10h, de bicicleata no Ibirapuera, a partir do port\u00e3o 6, em S\u00e3o Paulo (SP).<\/p>\n<p><strong>Jair Bolsonaro (PL)<\/strong>: n\u00e3o divulgou sua agenda.<\/p>\n<p><strong>L\u00e9o P\u00e9ricles (UP)<\/strong>: n\u00e3o divulgou sua agenda.<\/p>\n<p><strong>Lula (PT)<\/strong>: n\u00e3o divulgou sua agenda.<\/p>\n<p><strong>Padre Kelmon (PTB)<\/strong>: n\u00e3o divulgou sua agenda.<\/p>\n<p><strong>Simone Tebet (MDB)<\/strong>: realiza caminhada na Avenida Paulista acompanhada por Mara Gabrili e o prefeito da cidade, Ricardo Nunes, \u00e0s 11h da manh\u00e3. Sem previs\u00e3o de agenda para a tarde.<\/p>\n<p><strong>Sofia Manzano (PCB)<\/strong>: n\u00e3o divulgou sua agenda.<\/p>\n<p><strong>Soraya Thronicke (Uni\u00e3o)<\/strong>: n\u00e3o divulgou sua agenda.<\/p>\n<p><strong>Vera Lucia (PSTU)<\/strong>: n\u00e3o divulgou sua agenda.<\/p>\n<p>FONTE: Ag\u00eancia Brasil<\/p>\n","protected":false},"excerpt":{"rendered":"<p>Presidenci\u00e1veis entram na quinta semana de campanha Confira as agendas dos candidatos \u00e0 Presid\u00eancia da Rep\u00fablica neste\u00a0domingo (11): Ciro Gomes (PDT): participa de lan\u00e7amento de&hellip; <\/p>\n","protected":false},"author":6,"featured_media":256146,"comment_status":"closed","ping_status":"closed","sticky":false,"template":"","format":"standard","meta":{"sfsi_plus_gutenberg_text_before_share":"","sfsi_plus_gutenberg_show_text_before_share":"","sfsi_plus_gutenberg_icon_type":"","sfsi_plus_gutenberg_icon_alignemt":"","sfsi_plus_gutenburg_max_per_row":"","footnotes":""},"categories":[123,50,11],"tags":[],"class_list":["post-256145","post","type-post","status-publish","format-standard","has-post-thumbnail","hentry","category-brasil","category-destaque","category-politica"],"_links":{"self":[{"href":"https:\/\/www.caririemacao.com\/1\/wp-json\/wp\/v2\/posts\/256145","targetHints":{"allow":["GET"]}}],"collection":[{"href":"https:\/\/www.caririemacao.com\/1\/wp-json\/wp\/v2\/posts"}],"about":[{"href":"https:\/\/www.caririemacao.com\/1\/wp-json\/wp\/v2\/types\/post"}],"author":[{"embeddable":true,"href":"https:\/\/www.caririemacao.com\/1\/wp-json\/wp\/v2\/users\/6"}],"replies":[{"embeddable":true,"href":"https:\/\/www.caririemacao.com\/1\/wp-json\/wp\/v2\/comments?post=256145"}],"version-history":[{"count":1,"href":"https:\/\/www.caririemacao.com\/1\/wp-json\/wp\/v2\/posts\/256145\/revisions"}],"predecessor-version":[{"id":256147,"href":"https:\/\/www.caririemacao.com\/1\/wp-json\/wp\/v2\/posts\/256145\/revisions\/256147"}],"wp:featuredmedia":[{"embeddable":true,"href":"https:\/\/www.caririemacao.com\/1\/wp-json\/wp\/v2\/media\/256146"}],"wp:attachment":[{"href":"https:\/\/www.caririemacao.com\/1\/wp-json\/wp\/v2\/media?parent=256145"}],"wp:term":[{"taxonomy":"category","embeddable":true,"href":"https:\/\/www.caririemacao.com\/1\/wp-json\/wp\/v2\/categories?post=256145"},{"taxonomy":"post_tag","embeddable":true,"href":"https:\/\/www.caririemacao.com\/1\/wp-json\/wp\/v2\/tags?post=256145"}],"curies":[{"name":"wp","href":"https:\/\/api.w.org\/{rel}","templated":true}]}}