{"id":256148,"date":"2022-09-11T12:16:33","date_gmt":"2022-09-11T15:16:33","guid":{"rendered":"https:\/\/www.caririemacao.com\/1\/?p=256148"},"modified":"2022-09-11T12:16:33","modified_gmt":"2022-09-11T15:16:33","slug":"ministerio-da-cidadania-vai-revisar-o-cadastro-do-auxilio-brasil","status":"publish","type":"post","link":"https:\/\/www.caririemacao.com\/1\/2022\/09\/11\/ministerio-da-cidadania-vai-revisar-o-cadastro-do-auxilio-brasil\/","title":{"rendered":"Minist\u00e9rio da Cidadania vai revisar o cadastro do Aux\u00edlio Brasil"},"content":{"rendered":"<h3 class=\"col-10 offset-1 animated fadeInDown dealy-900 display-8 display-md-8 alt-font font-italic my-1 text-center\"><em>Decis\u00e3o foi explicada pelo ministro Ronaldo Bento no Brasil em Pauta<\/em><\/h3>\n<p>O Minist\u00e9rio da Cidadania vai fazer uma revis\u00e3o no cadastro do Aux\u00edlio Brasil. O objetivo \u00e9 cumprir os requisitos do programa e evitar o pagamento \u00e0s fam\u00edlias que tenham renda superior ao limite estabelecido. \u201cEstamos com uma pol\u00edtica muito forte nesse batimento de dados, nesse cruzamento de dados para fazer com que o recurso realmente chegue nessas fam\u00edlias que necessitam\u201d, afirmou o ministro da Cidadania, Ronaldo Bento, em entrevista ao programa Brasil em Pauta, apresentado pelo jornalista Paulo La Salvia, que vai ao ar neste domingo (11), na\u00a0<strong>TV Brasil<\/strong>.<img decoding=\"async\" data-src=\"https:\/\/agenciabrasil.ebc.com.br\/ebc.png?id=1481670&amp;o=node\" src=\"data:image\/svg+xml;base64,PHN2ZyB3aWR0aD0iMSIgaGVpZ2h0PSIxIiB4bWxucz0iaHR0cDovL3d3dy53My5vcmcvMjAwMC9zdmciPjwvc3ZnPg==\" class=\"lazyload\" \/><img decoding=\"async\" data-src=\"https:\/\/agenciabrasil.ebc.com.br\/ebc.gif?id=1481670&amp;o=node\" src=\"data:image\/svg+xml;base64,PHN2ZyB3aWR0aD0iMSIgaGVpZ2h0PSIxIiB4bWxucz0iaHR0cDovL3d3dy53My5vcmcvMjAwMC9zdmciPjwvc3ZnPg==\" class=\"lazyload\" \/><\/p>\n<p>O trabalho de fiscaliza\u00e7\u00e3o envolve um conjunto de \u00f3rg\u00e3os, como Tribunal de Contas da Uni\u00e3o (TCU), Controladoria-Geral da Uni\u00e3o (CGU) e Pol\u00edcia Federal. O cruzamento de informa\u00e7\u00f5es no Cadastro \u00danico (Cad\u00danico) perpassa 34 fontes de dados.<\/p>\n<p>Os pagamentos do Aux\u00edlio Brasil, no valor de R$ 600, come\u00e7aram em agosto a fam\u00edlias que se enquadram no perfil de vulnerabilidade social previsto no programa. Essas fam\u00edlias tamb\u00e9m tiveram direito ao Vale G\u00e1s no valor de R$ 110. Esses valores s\u00e3o resultados de Emenda Constitucional, promulgada pelo Congresso Nacional, que ampliou o volume de benef\u00edcios destinados \u00e0 popula\u00e7\u00e3o de baixa renda no pa\u00eds.<\/p>\n<p>O ministro explicou que o Aux\u00edlio Brasil busca promover uma mudan\u00e7a social alicer\u00e7ada na autonomia das pessoas de forma que os incentivos possam ser tamb\u00e9m uma alavanca, uma porta de sa\u00edda. \u201cO principal eixo do programa \u00e9 trazermos oportunidades para as fam\u00edlias, com essas oportunidades elas conseguem gerar renda pr\u00f3pria e renda \u00e9 sin\u00f4nimo de liberdade\u201d, disse.<\/p>\n<p>Segundo o ministro, hoje, todas as fam\u00edlias na pobreza e na extrema pobreza est\u00e3o recebendo o benef\u00edcio. Ele explicou que as fam\u00edlias que ainda n\u00e3o recebem o benef\u00edcio devem se dirigir a um Centro de Refer\u00eancia em Assist\u00eancia Social (Cras), nos munic\u00edpios, para serem inscritas no Cad\u00danico, banco de dados que \u00e9 uma porta de entrada para os programas sociais. O pr\u00e9-cadastro tamb\u00e9m pode ser feito por meio do aplicativo Cadastro \u00danico. A proje\u00e7\u00e3o do Minist\u00e9rio da Cidadania \u00e9 chegar a 21 milh\u00f5es de fam\u00edlias recebendo o Aux\u00edlio Brasil at\u00e9 o final do ano<\/p>\n<p>&nbsp;<\/p>\n<figure id=\"attachment_256150\" aria-describedby=\"caption-attachment-256150\" style=\"width: 412px\" class=\"wp-caption aligncenter\"><img fetchpriority=\"high\" decoding=\"async\" class=\"wp-image-256150\" src=\"https:\/\/www.caririemacao.com\/1\/wp-content\/uploads\/2022\/09\/vac_abr_0909221223-300x200.jpg\" alt=\"\" width=\"412\" height=\"274\" srcset=\"https:\/\/www.caririemacao.com\/1\/wp-content\/uploads\/2022\/09\/vac_abr_0909221223-300x200.jpg 300w, https:\/\/www.caririemacao.com\/1\/wp-content\/uploads\/2022\/09\/vac_abr_0909221223.jpg 754w\" sizes=\"(max-width: 412px) 100vw, 412px\" \/><figcaption id=\"caption-attachment-256150\" class=\"wp-caption-text\"><em><strong>Ministro da Cidadania, Ronaldo Bento, \u00e9 o entrevistado no programa Brasil em Pauta<\/strong><\/em><\/figcaption><\/figure>\n<div>\n<h2><\/h2>\n<h2>Seguran\u00e7a alimentar<\/h2>\n<p>Durante a entrevista, Ronaldo Bento falou ainda sobre o programa Alimenta Brasil, que tem como finalidade ampliar o acesso \u00e0 alimenta\u00e7\u00e3o para a popula\u00e7\u00e3o em situa\u00e7\u00e3o vulner\u00e1vel e incentivar a produ\u00e7\u00e3o de agricultores familiares, extrativistas, pescadores artesanais, povos ind\u00edgenas e demais popula\u00e7\u00f5es tradicionais.<\/p>\n<p>\u201cO programa visa combater a inseguran\u00e7a alimentar fomentando a produ\u00e7\u00e3o local de alimentos. Isso faz com que a gente tenha um alimento saud\u00e1vel sendo entregue a essa popula\u00e7\u00e3o de maneira mais r\u00e1pida\u201d, disse o ministro. \u201cA gente garante a compra desses produtos para fins de entrega a bancos de alimentos e, a partir dali, vai para a merenda escolar, vai para toda essa rede de seguran\u00e7a alimentar. \u00c9 um sistema de seguran\u00e7a alimentar que n\u00f3s temos\u201d, completou.<\/p>\n<p>Ainda sobre o assunto, o ministro da Cidadania ainda comentou sobre a import\u00e2ncia do Brasil na produ\u00e7\u00e3o de alimentos em escala mundial, sendo o pa\u00eds um dos maiores produtores do planeta. \u201cProduzimos um a cada cinco pratos de alimento no mundo. Sem o Brasil hoje o mundo passa fome\u201d, destacou Ronaldo Bento.<\/p>\n<p>FONTE: Ag\u00eancia Brasil<\/p>\n<\/div>\n","protected":false},"excerpt":{"rendered":"<p>Decis\u00e3o foi explicada pelo ministro Ronaldo Bento no Brasil em Pauta O Minist\u00e9rio da Cidadania vai fazer uma revis\u00e3o no cadastro do Aux\u00edlio Brasil. O&hellip; <\/p>\n","protected":false},"author":6,"featured_media":256149,"comment_status":"closed","ping_status":"closed","sticky":false,"template":"","format":"standard","meta":{"sfsi_plus_gutenberg_text_before_share":"","sfsi_plus_gutenberg_show_text_before_share":"","sfsi_plus_gutenberg_icon_type":"","sfsi_plus_gutenberg_icon_alignemt":"","sfsi_plus_gutenburg_max_per_row":"","footnotes":""},"categories":[50,2],"tags":[],"class_list":["post-256148","post","type-post","status-publish","format-standard","has-post-thumbnail","hentry","category-destaque","category-geral"],"_links":{"self":[{"href":"https:\/\/www.caririemacao.com\/1\/wp-json\/wp\/v2\/posts\/256148","targetHints":{"allow":["GET"]}}],"collection":[{"href":"https:\/\/www.caririemacao.com\/1\/wp-json\/wp\/v2\/posts"}],"about":[{"href":"https:\/\/www.caririemacao.com\/1\/wp-json\/wp\/v2\/types\/post"}],"author":[{"embeddable":true,"href":"https:\/\/www.caririemacao.com\/1\/wp-json\/wp\/v2\/users\/6"}],"replies":[{"embeddable":true,"href":"https:\/\/www.caririemacao.com\/1\/wp-json\/wp\/v2\/comments?post=256148"}],"version-history":[{"count":1,"href":"https:\/\/www.caririemacao.com\/1\/wp-json\/wp\/v2\/posts\/256148\/revisions"}],"predecessor-version":[{"id":256151,"href":"https:\/\/www.caririemacao.com\/1\/wp-json\/wp\/v2\/posts\/256148\/revisions\/256151"}],"wp:featuredmedia":[{"embeddable":true,"href":"https:\/\/www.caririemacao.com\/1\/wp-json\/wp\/v2\/media\/256149"}],"wp:attachment":[{"href":"https:\/\/www.caririemacao.com\/1\/wp-json\/wp\/v2\/media?parent=256148"}],"wp:term":[{"taxonomy":"category","embeddable":true,"href":"https:\/\/www.caririemacao.com\/1\/wp-json\/wp\/v2\/categories?post=256148"},{"taxonomy":"post_tag","embeddable":true,"href":"https:\/\/www.caririemacao.com\/1\/wp-json\/wp\/v2\/tags?post=256148"}],"curies":[{"name":"wp","href":"https:\/\/api.w.org\/{rel}","templated":true}]}}