{"id":256694,"date":"2022-09-21T09:37:52","date_gmt":"2022-09-21T12:37:52","guid":{"rendered":"https:\/\/www.caririemacao.com\/1\/?p=256694"},"modified":"2022-09-21T09:37:52","modified_gmt":"2022-09-21T12:37:52","slug":"prefeitura-de-serra-branca-realiza-audiencia-publica-para-discutir-sobre-a-coletiva-seletiva-e-manejo-dos-residuos-solidos-na-cidade","status":"publish","type":"post","link":"https:\/\/www.caririemacao.com\/1\/2022\/09\/21\/prefeitura-de-serra-branca-realiza-audiencia-publica-para-discutir-sobre-a-coletiva-seletiva-e-manejo-dos-residuos-solidos-na-cidade\/","title":{"rendered":"Prefeitura de Serra Branca realiza audi\u00eancia p\u00fablica para discutir sobre a coletiva seletiva e manejo dos res\u00edduos s\u00f3lidos na cidade"},"content":{"rendered":"<p>Durante a manh\u00e3 desta ter\u00e7a-feira (20), a Prefeitura Municipal de Serra Branca atrav\u00e9s da Secretaria de Meio Ambiente, realizou a primeira audi\u00eancia p\u00fablica que discutiu sobre a coletiva seletiva e o manejo dos res\u00edduos s\u00f3lidos do munic\u00edpio.<\/p>\n<p>O evento foi realizado na Escola T\u00e9cnica In\u00e1cio Antonino e contou com a representa\u00e7\u00e3o das secretarias municipais, autoridades do munic\u00edpio e do estado, vereadores, al\u00e9m de educadores, gestores escolares, estudantes, servidores da limpeza urbana, agentes comunit\u00e1rios de sa\u00fade e endemias, membros da sociedade civil organizada e da comunidade local.<\/p>\n<p>A audi\u00eancia p\u00fablica \u00e9 a etapa inicial para a constru\u00e7\u00e3o do Plano em que a popula\u00e7\u00e3o \u00e9 sensibilizada e convocada a opinar e propor melhorias sobre o manejo dos res\u00edduos s\u00f3lidos \u2013 lixo.<\/p>\n<figure class=\"wp-block-image aligncenter size-large is-resized\"><img fetchpriority=\"high\" decoding=\"async\" class=\"wp-image-113821 aligncenter\" src=\"https:\/\/deolhonocariri.com.br\/wp-content\/uploads\/2022\/09\/307926252_462200822612891_1151784911184178721_n-1024x769.jpg\" sizes=\"(max-width: 677px) 100vw, 677px\" srcset=\"https:\/\/deolhonocariri.com.br\/wp-content\/uploads\/2022\/09\/307926252_462200822612891_1151784911184178721_n-1024x769.jpg 1024w, https:\/\/deolhonocariri.com.br\/wp-content\/uploads\/2022\/09\/307926252_462200822612891_1151784911184178721_n-400x300.jpg 400w\" alt=\"\" width=\"677\" height=\"507\" \/><\/figure>\n<figure class=\"wp-block-image aligncenter size-large is-resized\"><img decoding=\"async\" class=\"wp-image-113822 aligncenter lazyload\" data-src=\"https:\/\/deolhonocariri.com.br\/wp-content\/uploads\/2022\/09\/308123478_462200809279559_6742970557785803136_n-1024x768.jpg\" data-sizes=\"(max-width: 673px) 100vw, 673px\" data-srcset=\"https:\/\/deolhonocariri.com.br\/wp-content\/uploads\/2022\/09\/308123478_462200809279559_6742970557785803136_n-1024x768.jpg 1024w, https:\/\/deolhonocariri.com.br\/wp-content\/uploads\/2022\/09\/308123478_462200809279559_6742970557785803136_n-600x450.jpg 600w, https:\/\/deolhonocariri.com.br\/wp-content\/uploads\/2022\/09\/308123478_462200809279559_6742970557785803136_n-400x300.jpg 400w, https:\/\/deolhonocariri.com.br\/wp-content\/uploads\/2022\/09\/308123478_462200809279559_6742970557785803136_n-768x576.jpg 768w, https:\/\/deolhonocariri.com.br\/wp-content\/uploads\/2022\/09\/308123478_462200809279559_6742970557785803136_n.jpg 1200w\" alt=\"\" width=\"673\" height=\"505\" src=\"data:image\/svg+xml;base64,PHN2ZyB3aWR0aD0iMSIgaGVpZ2h0PSIxIiB4bWxucz0iaHR0cDovL3d3dy53My5vcmcvMjAwMC9zdmciPjwvc3ZnPg==\" style=\"--smush-placeholder-width: 673px; --smush-placeholder-aspect-ratio: 673\/505;\" \/><\/figure>\n<figure class=\"wp-block-image aligncenter size-large is-resized\"><img decoding=\"async\" class=\"wp-image-113823 aligncenter lazyload\" data-src=\"https:\/\/deolhonocariri.com.br\/wp-content\/uploads\/2022\/09\/307839862_462200815946225_7242964523925033165_n-1024x769.jpg\" data-sizes=\"(max-width: 675px) 100vw, 675px\" data-srcset=\"https:\/\/deolhonocariri.com.br\/wp-content\/uploads\/2022\/09\/307839862_462200815946225_7242964523925033165_n-1024x769.jpg 1024w, https:\/\/deolhonocariri.com.br\/wp-content\/uploads\/2022\/09\/307839862_462200815946225_7242964523925033165_n-600x451.jpg 600w, https:\/\/deolhonocariri.com.br\/wp-content\/uploads\/2022\/09\/307839862_462200815946225_7242964523925033165_n-400x300.jpg 400w, https:\/\/deolhonocariri.com.br\/wp-content\/uploads\/2022\/09\/307839862_462200815946225_7242964523925033165_n-768x577.jpg 768w, https:\/\/deolhonocariri.com.br\/wp-content\/uploads\/2022\/09\/307839862_462200815946225_7242964523925033165_n.jpg 1202w\" alt=\"\" width=\"675\" height=\"506\" src=\"data:image\/svg+xml;base64,PHN2ZyB3aWR0aD0iMSIgaGVpZ2h0PSIxIiB4bWxucz0iaHR0cDovL3d3dy53My5vcmcvMjAwMC9zdmciPjwvc3ZnPg==\" style=\"--smush-placeholder-width: 675px; --smush-placeholder-aspect-ratio: 675\/506;\" \/><\/figure>\n<p>O evento foi iniciado com a apresenta\u00e7\u00e3o e falas dos secret\u00e1rios de Estado (Sedam), da Sudema e da Famup, e foi seguido de uma atividade interativa. Logo em seguida, a audi\u00eancia p\u00fablica deu prosseguimento com a realiza\u00e7\u00e3o de oficinas sobre a tem\u00e1tica.<\/p>\n<p>Em contato com a reportagem, o prefeito Souzinha avaliou a audi\u00eancia de forma muito positiva e produtiva. \u201cA audi\u00eancia cumpriu seu papel e avaliamos como muito positiva para nosso munic\u00edpio. Sugest\u00f5es foram apresentadas, propostas foram feitas e isso ser\u00e1 considerado na finaliza\u00e7\u00e3o do projeto, pois estamos buscando oferecer a popula\u00e7\u00e3o um servi\u00e7o digno e eficiente, e buscar uma solu\u00e7\u00e3o correta para a destina\u00e7\u00e3o do nosso lixo. Temos que nos adequar conforme pede o Minist\u00e9rio Publico e j\u00e1 no in\u00edcio 2023, estaremos com nosso plano municipal de gest\u00e3o de res\u00edduos s\u00f3lidos j\u00e1 pronto para colocarmos em pr\u00e1tica, principalmente acabando com o lix\u00e3o de nosso munic\u00edpio\u201d, destacou o prefeito Souzinha.<\/p>\n<p>Estiveram participando da primeira audi\u00eancia p\u00fablica o prefeito Souzinha, o presidente da C\u00e2mara Kleber Ribeiro, o advogado Dr. Od\u00edvio, representando a vice-prefeita Dra. Alda Dias, o assessor jur\u00eddico Josedeo Saraiva, o ex-prefeito de Juripiranga Paulo D\u00e1lia, representando a Famup, o Presidente da C\u00e2mara Kleber Ribeiro, os secret\u00e1rios de Educa\u00e7\u00e3o Paulo S\u00e9rgio, Leka da assist\u00eancia social , Flaviana da Administra\u00e7\u00e3o e Talles do Meio Ambiente e entre outras autoridades.<\/p>\n<p>&nbsp;<\/p>\n<p>De Olho no Cariri<\/p>\n","protected":false},"excerpt":{"rendered":"<p>Durante a manh\u00e3 desta ter\u00e7a-feira (20), a Prefeitura Municipal de Serra Branca atrav\u00e9s da Secretaria de Meio Ambiente, realizou a primeira audi\u00eancia p\u00fablica que discutiu&hellip; <\/p>\n","protected":false},"author":6,"featured_media":256695,"comment_status":"closed","ping_status":"closed","sticky":false,"template":"","format":"standard","meta":{"sfsi_plus_gutenberg_text_before_share":"","sfsi_plus_gutenberg_show_text_before_share":"","sfsi_plus_gutenberg_icon_type":"","sfsi_plus_gutenberg_icon_alignemt":"","sfsi_plus_gutenburg_max_per_row":"","footnotes":""},"categories":[93],"tags":[],"class_list":["post-256694","post","type-post","status-publish","format-standard","has-post-thumbnail","hentry","category-serra-branca"],"_links":{"self":[{"href":"https:\/\/www.caririemacao.com\/1\/wp-json\/wp\/v2\/posts\/256694","targetHints":{"allow":["GET"]}}],"collection":[{"href":"https:\/\/www.caririemacao.com\/1\/wp-json\/wp\/v2\/posts"}],"about":[{"href":"https:\/\/www.caririemacao.com\/1\/wp-json\/wp\/v2\/types\/post"}],"author":[{"embeddable":true,"href":"https:\/\/www.caririemacao.com\/1\/wp-json\/wp\/v2\/users\/6"}],"replies":[{"embeddable":true,"href":"https:\/\/www.caririemacao.com\/1\/wp-json\/wp\/v2\/comments?post=256694"}],"version-history":[{"count":1,"href":"https:\/\/www.caririemacao.com\/1\/wp-json\/wp\/v2\/posts\/256694\/revisions"}],"predecessor-version":[{"id":256696,"href":"https:\/\/www.caririemacao.com\/1\/wp-json\/wp\/v2\/posts\/256694\/revisions\/256696"}],"wp:featuredmedia":[{"embeddable":true,"href":"https:\/\/www.caririemacao.com\/1\/wp-json\/wp\/v2\/media\/256695"}],"wp:attachment":[{"href":"https:\/\/www.caririemacao.com\/1\/wp-json\/wp\/v2\/media?parent=256694"}],"wp:term":[{"taxonomy":"category","embeddable":true,"href":"https:\/\/www.caririemacao.com\/1\/wp-json\/wp\/v2\/categories?post=256694"},{"taxonomy":"post_tag","embeddable":true,"href":"https:\/\/www.caririemacao.com\/1\/wp-json\/wp\/v2\/tags?post=256694"}],"curies":[{"name":"wp","href":"https:\/\/api.w.org\/{rel}","templated":true}]}}