{"id":256697,"date":"2022-09-21T09:40:08","date_gmt":"2022-09-21T12:40:08","guid":{"rendered":"https:\/\/www.caririemacao.com\/1\/?p=256697"},"modified":"2022-09-21T09:40:08","modified_gmt":"2022-09-21T12:40:08","slug":"candidato-patrick-dorneles-e-internado-em-uti-apos-quadro-de-infeccao-pulmonar","status":"publish","type":"post","link":"https:\/\/www.caririemacao.com\/1\/2022\/09\/21\/candidato-patrick-dorneles-e-internado-em-uti-apos-quadro-de-infeccao-pulmonar\/","title":{"rendered":"Candidato Patrick Dorneles \u00e9 internado em UTI ap\u00f3s quadro de infec\u00e7\u00e3o pulmonar"},"content":{"rendered":"<p>A equipe de campanha do candidato a deputado federal Patrick Dorneles (PSC) divulgou nota nesta ter\u00e7a-feira (20) informando que o candidato precisou ser internado na UTI ap\u00f3s um quadro de infec\u00e7\u00e3o pulmonar.<\/p>\n<p>Patrick est\u00e1 internado no Hospital Pedro I, em Campina Grande, desde a madrugada de domingo, ap\u00f3s a alta hospitalar devido cirurgia de emerg\u00eancia de apendicite.<\/p>\n<p>\u201cNosso guerreiro apresentou dificuldade respirat\u00f3ria e baixa satura\u00e7\u00e3o, sendo necess\u00e1rio o uso de oxig\u00eanio. O quadro se agravou e hoje foi constado infec\u00e7\u00e3o pulmonar\u201d, diz a nota.<\/p>\n<p>Por recomenda\u00e7\u00e3o m\u00e9dica, o candidato permanecer\u00e1 no hospital para melhor monitoramento do quadro.<\/p>\n<p>Em fevereiro deste ano, Patrick Dorneles tomou posse na C\u00e2mara Federal com a vaga aberta com a licen\u00e7a do deputado Pedro Cunha Lima (PSDB-PB), atualmente candidato ao Governo do Estado. Diagnosticado com Mucopolissacaridose IV-A ou s\u00edndrome de M\u00f4rquio-A, o candidato tem a luta pelo apoio a pessoas com doen\u00e7as raras como bandeira.<\/p>\n<p>MaisPB<\/p>\n","protected":false},"excerpt":{"rendered":"<p>A equipe de campanha do candidato a deputado federal Patrick Dorneles (PSC) divulgou nota nesta ter\u00e7a-feira (20) informando que o candidato precisou ser internado na&hellip; <\/p>\n","protected":false},"author":6,"featured_media":256698,"comment_status":"closed","ping_status":"closed","sticky":false,"template":"","format":"standard","meta":{"sfsi_plus_gutenberg_text_before_share":"","sfsi_plus_gutenberg_show_text_before_share":"","sfsi_plus_gutenberg_icon_type":"","sfsi_plus_gutenberg_icon_alignemt":"","sfsi_plus_gutenburg_max_per_row":"","footnotes":""},"categories":[104],"tags":[],"class_list":["post-256697","post","type-post","status-publish","format-standard","has-post-thumbnail","hentry","category-paraiba"],"_links":{"self":[{"href":"https:\/\/www.caririemacao.com\/1\/wp-json\/wp\/v2\/posts\/256697","targetHints":{"allow":["GET"]}}],"collection":[{"href":"https:\/\/www.caririemacao.com\/1\/wp-json\/wp\/v2\/posts"}],"about":[{"href":"https:\/\/www.caririemacao.com\/1\/wp-json\/wp\/v2\/types\/post"}],"author":[{"embeddable":true,"href":"https:\/\/www.caririemacao.com\/1\/wp-json\/wp\/v2\/users\/6"}],"replies":[{"embeddable":true,"href":"https:\/\/www.caririemacao.com\/1\/wp-json\/wp\/v2\/comments?post=256697"}],"version-history":[{"count":1,"href":"https:\/\/www.caririemacao.com\/1\/wp-json\/wp\/v2\/posts\/256697\/revisions"}],"predecessor-version":[{"id":256699,"href":"https:\/\/www.caririemacao.com\/1\/wp-json\/wp\/v2\/posts\/256697\/revisions\/256699"}],"wp:featuredmedia":[{"embeddable":true,"href":"https:\/\/www.caririemacao.com\/1\/wp-json\/wp\/v2\/media\/256698"}],"wp:attachment":[{"href":"https:\/\/www.caririemacao.com\/1\/wp-json\/wp\/v2\/media?parent=256697"}],"wp:term":[{"taxonomy":"category","embeddable":true,"href":"https:\/\/www.caririemacao.com\/1\/wp-json\/wp\/v2\/categories?post=256697"},{"taxonomy":"post_tag","embeddable":true,"href":"https:\/\/www.caririemacao.com\/1\/wp-json\/wp\/v2\/tags?post=256697"}],"curies":[{"name":"wp","href":"https:\/\/api.w.org\/{rel}","templated":true}]}}