{"id":256701,"date":"2022-09-21T12:08:00","date_gmt":"2022-09-21T15:08:00","guid":{"rendered":"https:\/\/www.caririemacao.com\/1\/?p=256701"},"modified":"2022-09-21T12:08:00","modified_gmt":"2022-09-21T15:08:00","slug":"a-11-dias-da-eleicao-pesquisa-mostra-lula-com-44-das-intencoes-de-voto-e-bolsonaro-com-34","status":"publish","type":"post","link":"https:\/\/www.caririemacao.com\/1\/2022\/09\/21\/a-11-dias-da-eleicao-pesquisa-mostra-lula-com-44-das-intencoes-de-voto-e-bolsonaro-com-34\/","title":{"rendered":"A 11 dias da elei\u00e7\u00e3o, pesquisa mostra Lula com 44% das inten\u00e7\u00f5es de voto e Bolsonaro com 34%"},"content":{"rendered":"<p>A 11 dias da elei\u00e7\u00e3o que definir\u00e1 o novo presidente do Brasil, pesquisa da Genial\/Quaest divulgada nesta quarta-feira (14), traz o ex-presidente Luiz In\u00e1cio Lula da Silva (PT) com 44% das inten\u00e7\u00f5es de voto no primeiro turno, seguido pelo presidente Jair Bolsonaro (PL), com 34%.<\/p>\n<p>Em terceiro lugar na prefer\u00eancia do eleitorado, segundo o levantamento, aparece Ciro Gomes (PDT), com 6%. Em seguida, Simone Tebet (MDB), com 5%, e Soraya Thronicke (Uni\u00e3o Brasil), com 1%.<\/p>\n<p>Felipe D\u2019Avila (Novo), Vera Lucia (PSTU), Jos\u00e9 Maria Eymael (DC), Leonardo P\u00e9ricles (UP), Sofia Manzano (PCB) e Padre Kelmon (PTB) n\u00e3o pontuaram.<\/p>\n<p>Os que dizem que ir\u00e3o votar em branco, anular ou deixar de votar somam 5%. A propor\u00e7\u00e3o dos indecisos \u00e9 de 5%.<\/p>\n<p>Duas mil pessoas foram entrevistadas face a face entre os dias 17 e 20 de setembro. A margem de erro \u00e9 de dois pontos percentuais. O levantamento tem 95% de confian\u00e7a. Ou seja, se 100 pesquisas fossem realizadas, ao menos 95 apresentariam os mesmos resultados dentro desta margem.<\/p>\n<p>A pesquisa foi registrada no Tribunal Superior Eleitoral (TSE) sob o protocolo BR-04459\/2022.<\/p>\n","protected":false},"excerpt":{"rendered":"<p>A 11 dias da elei\u00e7\u00e3o que definir\u00e1 o novo presidente do Brasil, pesquisa da Genial\/Quaest divulgada nesta quarta-feira (14), traz o ex-presidente Luiz In\u00e1cio Lula&hellip; <\/p>\n","protected":false},"author":6,"featured_media":255895,"comment_status":"closed","ping_status":"closed","sticky":false,"template":"","format":"standard","meta":{"sfsi_plus_gutenberg_text_before_share":"","sfsi_plus_gutenberg_show_text_before_share":"","sfsi_plus_gutenberg_icon_type":"","sfsi_plus_gutenberg_icon_alignemt":"","sfsi_plus_gutenburg_max_per_row":"","footnotes":""},"categories":[123],"tags":[],"class_list":["post-256701","post","type-post","status-publish","format-standard","has-post-thumbnail","hentry","category-brasil"],"_links":{"self":[{"href":"https:\/\/www.caririemacao.com\/1\/wp-json\/wp\/v2\/posts\/256701","targetHints":{"allow":["GET"]}}],"collection":[{"href":"https:\/\/www.caririemacao.com\/1\/wp-json\/wp\/v2\/posts"}],"about":[{"href":"https:\/\/www.caririemacao.com\/1\/wp-json\/wp\/v2\/types\/post"}],"author":[{"embeddable":true,"href":"https:\/\/www.caririemacao.com\/1\/wp-json\/wp\/v2\/users\/6"}],"replies":[{"embeddable":true,"href":"https:\/\/www.caririemacao.com\/1\/wp-json\/wp\/v2\/comments?post=256701"}],"version-history":[{"count":1,"href":"https:\/\/www.caririemacao.com\/1\/wp-json\/wp\/v2\/posts\/256701\/revisions"}],"predecessor-version":[{"id":256702,"href":"https:\/\/www.caririemacao.com\/1\/wp-json\/wp\/v2\/posts\/256701\/revisions\/256702"}],"wp:featuredmedia":[{"embeddable":true,"href":"https:\/\/www.caririemacao.com\/1\/wp-json\/wp\/v2\/media\/255895"}],"wp:attachment":[{"href":"https:\/\/www.caririemacao.com\/1\/wp-json\/wp\/v2\/media?parent=256701"}],"wp:term":[{"taxonomy":"category","embeddable":true,"href":"https:\/\/www.caririemacao.com\/1\/wp-json\/wp\/v2\/categories?post=256701"},{"taxonomy":"post_tag","embeddable":true,"href":"https:\/\/www.caririemacao.com\/1\/wp-json\/wp\/v2\/tags?post=256701"}],"curies":[{"name":"wp","href":"https:\/\/api.w.org\/{rel}","templated":true}]}}