{"id":256706,"date":"2022-09-21T16:14:44","date_gmt":"2022-09-21T19:14:44","guid":{"rendered":"https:\/\/www.caririemacao.com\/1\/?p=256706"},"modified":"2022-09-21T16:14:44","modified_gmt":"2022-09-21T19:14:44","slug":"informe-publicitario-prefeitura-de-sume-entrega-quase-duas-toneladas-de-donativos-as-familias-atingidas-pelas-chuvas-em-pernambuco","status":"publish","type":"post","link":"https:\/\/www.caririemacao.com\/1\/2022\/09\/21\/informe-publicitario-prefeitura-de-sume-entrega-quase-duas-toneladas-de-donativos-as-familias-atingidas-pelas-chuvas-em-pernambuco\/","title":{"rendered":"INFORME PUBLICIT\u00c1RIO: Prefeitura de Sum\u00e9 entrega quase duas toneladas de donativos \u00e0s fam\u00edlias atingidas pelas chuvas em Pernambuco"},"content":{"rendered":"<p>A Prefeitura de Sum\u00e9 realizou com o apoio do Corpo de Bombeiros, sede de Sum\u00e9, sob o comando do Capit\u00e3o Germano, uma campanha de arrecada\u00e7\u00e3o de donativos para a popula\u00e7\u00e3o afetada pelas fortes chuvas que atingiram a regi\u00e3o Metropolitana do Recife, Pernambuco, durante este ano de 2022.<\/p>\n<p>Em dois meses foram arrecadados quase duas toneladas \u00a0entre: alimentos, itens de higiene pessoal e de limpeza, cobertores, colch\u00f5es, roupas e outros donativos, em 4 pontos de coletas: sede da Prefeitura de Sum\u00e9, Secretaria de Assist\u00eancia Social, Farm\u00e1cia Soares e Corpo de Bombeiros.<\/p>\n<p>Todo material arrecadado foi entregue no in\u00edcio deste m\u00eas de setembro na Defesa Civil do munic\u00edpio de Pesqueira, Pernambuco, ao Coordenador Municipal de Prote\u00e7\u00e3o e Defesa Civil, Kleber Henrique.<\/p>\n<div class=\"wp-block-image\">\n<figure class=\"aligncenter size-full\"><img decoding=\"async\" class=\"wp-image-52229 aligncenter lazyload\" data-src=\"http:\/\/www.paraibamix.com.br\/wp-content\/uploads\/2022\/03\/LOGO-SUME.jpg\" data-sizes=\"(max-width: 206px) 100vw, 206px\" data-srcset=\"https:\/\/www.paraibamix.com.br\/wp-content\/uploads\/2022\/03\/LOGO-SUME.jpg 206w, https:\/\/www.paraibamix.com.br\/wp-content\/uploads\/2022\/03\/LOGO-SUME-150x150.jpg 150w\" alt=\"\" width=\"206\" height=\"206\" src=\"data:image\/svg+xml;base64,PHN2ZyB3aWR0aD0iMSIgaGVpZ2h0PSIxIiB4bWxucz0iaHR0cDovL3d3dy53My5vcmcvMjAwMC9zdmciPjwvc3ZnPg==\" style=\"--smush-placeholder-width: 206px; --smush-placeholder-aspect-ratio: 206\/206;\" \/><\/figure>\n<\/div>\n","protected":false},"excerpt":{"rendered":"<p>A Prefeitura de Sum\u00e9 realizou com o apoio do Corpo de Bombeiros, sede de Sum\u00e9, sob o comando do Capit\u00e3o Germano, uma campanha de arrecada\u00e7\u00e3o&hellip; <\/p>\n","protected":false},"author":6,"featured_media":256707,"comment_status":"closed","ping_status":"closed","sticky":false,"template":"","format":"standard","meta":{"sfsi_plus_gutenberg_text_before_share":"","sfsi_plus_gutenberg_show_text_before_share":"","sfsi_plus_gutenberg_icon_type":"","sfsi_plus_gutenberg_icon_alignemt":"","sfsi_plus_gutenburg_max_per_row":"","footnotes":""},"categories":[95],"tags":[],"class_list":["post-256706","post","type-post","status-publish","format-standard","has-post-thumbnail","hentry","category-sume"],"_links":{"self":[{"href":"https:\/\/www.caririemacao.com\/1\/wp-json\/wp\/v2\/posts\/256706","targetHints":{"allow":["GET"]}}],"collection":[{"href":"https:\/\/www.caririemacao.com\/1\/wp-json\/wp\/v2\/posts"}],"about":[{"href":"https:\/\/www.caririemacao.com\/1\/wp-json\/wp\/v2\/types\/post"}],"author":[{"embeddable":true,"href":"https:\/\/www.caririemacao.com\/1\/wp-json\/wp\/v2\/users\/6"}],"replies":[{"embeddable":true,"href":"https:\/\/www.caririemacao.com\/1\/wp-json\/wp\/v2\/comments?post=256706"}],"version-history":[{"count":1,"href":"https:\/\/www.caririemacao.com\/1\/wp-json\/wp\/v2\/posts\/256706\/revisions"}],"predecessor-version":[{"id":256708,"href":"https:\/\/www.caririemacao.com\/1\/wp-json\/wp\/v2\/posts\/256706\/revisions\/256708"}],"wp:featuredmedia":[{"embeddable":true,"href":"https:\/\/www.caririemacao.com\/1\/wp-json\/wp\/v2\/media\/256707"}],"wp:attachment":[{"href":"https:\/\/www.caririemacao.com\/1\/wp-json\/wp\/v2\/media?parent=256706"}],"wp:term":[{"taxonomy":"category","embeddable":true,"href":"https:\/\/www.caririemacao.com\/1\/wp-json\/wp\/v2\/categories?post=256706"},{"taxonomy":"post_tag","embeddable":true,"href":"https:\/\/www.caririemacao.com\/1\/wp-json\/wp\/v2\/tags?post=256706"}],"curies":[{"name":"wp","href":"https:\/\/api.w.org\/{rel}","templated":true}]}}