{"id":256709,"date":"2022-09-21T16:17:59","date_gmt":"2022-09-21T19:17:59","guid":{"rendered":"https:\/\/www.caririemacao.com\/1\/?p=256709"},"modified":"2022-09-21T16:17:59","modified_gmt":"2022-09-21T19:17:59","slug":"bolsonaro-volta-a-paraiba-na-proxima-semana-e-deve-realizar-motociatas-em-joao-pessoa-e-campina-grande","status":"publish","type":"post","link":"https:\/\/www.caririemacao.com\/1\/2022\/09\/21\/bolsonaro-volta-a-paraiba-na-proxima-semana-e-deve-realizar-motociatas-em-joao-pessoa-e-campina-grande\/","title":{"rendered":"Bolsonaro volta \u00e0 Para\u00edba na pr\u00f3xima semana e deve realizar motociatas em Jo\u00e3o Pessoa e Campina Grande"},"content":{"rendered":"<p>O candidato ao governo da Para\u00edba pelo PL, Nilvan Ferreira, revelou que o presidente e candidato a reelei\u00e7\u00e3o, Jair Bolsonaro vir\u00e1 a Jo\u00e3o Pessoa na pr\u00f3xima semana e dever\u00e1 realizar atos pol\u00edticos em Jo\u00e3o Pessoa e Campina Grande. \u201cH\u00e1 a ideia de fazer grandes eventos com a presen\u00e7a do presidente para refor\u00e7ar essa reta final\u201d, afirmou. A visita p\u00e9 esperada para a pr\u00f3xima segunda-feira (26).<\/p>\n<p>Est\u00e1 prevista a realiza\u00e7\u00e3o de motociatas nas duas cidades e ainda est\u00e1 sendo analisada a realiza\u00e7\u00e3o de com\u00edcios nas duas cidades.<\/p>\n<p>Jair Bolsonaro esteve na Para\u00edba em junho participando da entrega dos Residenciais Cana\u00e3 I e II, no Bairro das Ind\u00fastrias, do Programa Casa Verde e Amarela. Na ocasi\u00e3o, ele tamb\u00e9m visitou Campina Grande, onde realizou um passeio de moto.<\/p>\n","protected":false},"excerpt":{"rendered":"<p>O candidato ao governo da Para\u00edba pelo PL, Nilvan Ferreira, revelou que o presidente e candidato a reelei\u00e7\u00e3o, Jair Bolsonaro vir\u00e1 a Jo\u00e3o Pessoa na&hellip; <\/p>\n","protected":false},"author":6,"featured_media":256710,"comment_status":"closed","ping_status":"closed","sticky":false,"template":"","format":"standard","meta":{"sfsi_plus_gutenberg_text_before_share":"","sfsi_plus_gutenberg_show_text_before_share":"","sfsi_plus_gutenberg_icon_type":"","sfsi_plus_gutenberg_icon_alignemt":"","sfsi_plus_gutenburg_max_per_row":"","footnotes":""},"categories":[104,11],"tags":[],"class_list":["post-256709","post","type-post","status-publish","format-standard","has-post-thumbnail","hentry","category-paraiba","category-politica"],"_links":{"self":[{"href":"https:\/\/www.caririemacao.com\/1\/wp-json\/wp\/v2\/posts\/256709","targetHints":{"allow":["GET"]}}],"collection":[{"href":"https:\/\/www.caririemacao.com\/1\/wp-json\/wp\/v2\/posts"}],"about":[{"href":"https:\/\/www.caririemacao.com\/1\/wp-json\/wp\/v2\/types\/post"}],"author":[{"embeddable":true,"href":"https:\/\/www.caririemacao.com\/1\/wp-json\/wp\/v2\/users\/6"}],"replies":[{"embeddable":true,"href":"https:\/\/www.caririemacao.com\/1\/wp-json\/wp\/v2\/comments?post=256709"}],"version-history":[{"count":1,"href":"https:\/\/www.caririemacao.com\/1\/wp-json\/wp\/v2\/posts\/256709\/revisions"}],"predecessor-version":[{"id":256711,"href":"https:\/\/www.caririemacao.com\/1\/wp-json\/wp\/v2\/posts\/256709\/revisions\/256711"}],"wp:featuredmedia":[{"embeddable":true,"href":"https:\/\/www.caririemacao.com\/1\/wp-json\/wp\/v2\/media\/256710"}],"wp:attachment":[{"href":"https:\/\/www.caririemacao.com\/1\/wp-json\/wp\/v2\/media?parent=256709"}],"wp:term":[{"taxonomy":"category","embeddable":true,"href":"https:\/\/www.caririemacao.com\/1\/wp-json\/wp\/v2\/categories?post=256709"},{"taxonomy":"post_tag","embeddable":true,"href":"https:\/\/www.caririemacao.com\/1\/wp-json\/wp\/v2\/tags?post=256709"}],"curies":[{"name":"wp","href":"https:\/\/api.w.org\/{rel}","templated":true}]}}