{"id":256734,"date":"2022-09-22T07:05:08","date_gmt":"2022-09-22T10:05:08","guid":{"rendered":"https:\/\/www.caririemacao.com\/1\/?p=256734"},"modified":"2022-09-22T07:05:08","modified_gmt":"2022-09-22T10:05:08","slug":"confira-a-agenda-dos-candidatos-a-presidencia-para-esta-quinta-22-9","status":"publish","type":"post","link":"https:\/\/www.caririemacao.com\/1\/2022\/09\/22\/confira-a-agenda-dos-candidatos-a-presidencia-para-esta-quinta-22-9\/","title":{"rendered":"Confira a agenda dos candidatos \u00e0 Presid\u00eancia para esta quinta (22\/9)"},"content":{"rendered":"<h3 class=\"col-10 offset-1 animated fadeInDown dealy-900 display-8 display-md-8 alt-font font-italic my-1 text-center\">Candidatos t\u00eam compromissos no Norte, no Nordeste e no Sudeste<\/h3>\n<p>Esta \u00e9 a agenda dos 11 candidatos \u00a0\u00e0 Presid\u00eancia para esta quinta.\u00a0Candidatos t\u00eam compromissos no Norte, no Nordeste e no Sudeste. Entre as agendas est\u00e3o reuni\u00f5es, encontros e corpo a corpo com eleitores.<img decoding=\"async\" data-src=\"https:\/\/agenciabrasil.ebc.com.br\/ebc.png?id=1483715&amp;o=node\" src=\"data:image\/svg+xml;base64,PHN2ZyB3aWR0aD0iMSIgaGVpZ2h0PSIxIiB4bWxucz0iaHR0cDovL3d3dy53My5vcmcvMjAwMC9zdmciPjwvc3ZnPg==\" class=\"lazyload\" \/><img decoding=\"async\" data-src=\"https:\/\/agenciabrasil.ebc.com.br\/ebc.gif?id=1483715&amp;o=node\" src=\"data:image\/svg+xml;base64,PHN2ZyB3aWR0aD0iMSIgaGVpZ2h0PSIxIiB4bWxucz0iaHR0cDovL3d3dy53My5vcmcvMjAwMC9zdmciPjwvc3ZnPg==\" class=\"lazyload\" \/><\/p>\n<p><strong>Ciro Gomes (PDT):<\/strong>\u00a0\u00e0s 10h tem reuni\u00e3o com embaixadores da Uni\u00e3o Europeia.<\/p>\n<p><strong>Constituinte Eymael (DC):<\/strong>\u00a0\u00a0Agenda n\u00e3o divulgada.<\/p>\n<p><strong>Felipe D\u2019Avila (Novo):<\/strong>\u00a0Sem compromisso p\u00fablico.<\/p>\n<p><strong>Jair Bolsonaro (PL):<\/strong>\u00a0\u00e0s 9h chega no Aeroporto Internacional de Bel\u00e9m, \u00e0s 10h10 chega no Porto de Bel\u00e9m &#8211; Doca de Souza Franco, \u00e0s 10h20 se encontra com lideran\u00e7as, \u00e0s 10h40 realiza ato pol\u00edtico. \u00c0s 15h aterrissa no Aeroporto de Manaus e \u00e0s 18h faz com\u00edcio no Espa\u00e7o Via Torres.<\/p>\n<p><strong>Leo Pericles (UP):<\/strong>\u00a0\u00e0s 9h realiza ato p\u00fablico e caminhada na Pra\u00e7a do Ferreira em Fortaleza, \u00e0s 14h participa de debate na Faculdade de Educa\u00e7\u00e3o da UFC em Fortaleza e \u00e0s 18h participa de encontro com apoiadores em Caucaia (CE).<\/p>\n<p><strong>Lula (PT):<\/strong>\u00a0\u00e0s 11h tem um encontro com representantes de movimentos e associa\u00e7\u00f5es de idosos e aposentados em S\u00e3o Paulo.<\/p>\n<p><strong>Padre Kelmon (PTB):<\/strong>\u00a0\u00e0s 20h participa de debate da Conectv em S\u00e3o Paulo.<\/p>\n<p><strong>Simone Tebet (MDB):<\/strong>\u00a0\u00e0s 10h visita a Fiocruz e o Instituto Bio-Manguinhos no Rio de Janeiro, \u00e0s 15h30 concede entrevista \u00e0 R\u00e1dio Saara, \u00e0s 16h faz caminhada no Saara no Rio de Janeiro.<\/p>\n<p><strong>Sofia Manzano (PCB):<\/strong>\u00a0\u00e0s 13h grava\u00e7\u00e3o do podcast As Mina Pod e \u00e0s 20h grava\u00e7\u00e3o com Revolushow.<\/p>\n<p><strong>Soraya Thronicke (Uni\u00e3o):<\/strong>\u00a0\u00e0s 9h30 concede entrevista ao programa Painel Livre da TV Vale\/R\u00e1dio 98 FM, \u00e0s 11h grava entrevista para o programa Veja e Note da TV Veja e \u00e0s 19h30 concede entrevista para o podcast Genial.<\/p>\n<p><strong>Vera (PSTU):<\/strong>\u00a0\u00e0s 6h articipa de panfletagem junto aos oper\u00e1rios da f\u00e1brica de cimento Cimesa em Laranjeiras (SE), \u00e0s 7h30 concede entrevista \u00e0 R\u00e1dio Cultura em Aracaju (SE), \u00e0s 12h40 concede entrevista \u00e0 R\u00e1dio Ne\u00f3polis FM, em Ne\u00f3polis (SE).<\/p>\n<p>FONTE: Ag\u00eancia Brasil<\/p>\n","protected":false},"excerpt":{"rendered":"<p>Candidatos t\u00eam compromissos no Norte, no Nordeste e no Sudeste Esta \u00e9 a agenda dos 11 candidatos \u00a0\u00e0 Presid\u00eancia para esta quinta.\u00a0Candidatos t\u00eam compromissos no&hellip; <\/p>\n","protected":false},"author":6,"featured_media":256735,"comment_status":"closed","ping_status":"closed","sticky":false,"template":"","format":"standard","meta":{"sfsi_plus_gutenberg_text_before_share":"","sfsi_plus_gutenberg_show_text_before_share":"","sfsi_plus_gutenberg_icon_type":"","sfsi_plus_gutenberg_icon_alignemt":"","sfsi_plus_gutenburg_max_per_row":"","footnotes":""},"categories":[123,50,11],"tags":[],"class_list":["post-256734","post","type-post","status-publish","format-standard","has-post-thumbnail","hentry","category-brasil","category-destaque","category-politica"],"_links":{"self":[{"href":"https:\/\/www.caririemacao.com\/1\/wp-json\/wp\/v2\/posts\/256734","targetHints":{"allow":["GET"]}}],"collection":[{"href":"https:\/\/www.caririemacao.com\/1\/wp-json\/wp\/v2\/posts"}],"about":[{"href":"https:\/\/www.caririemacao.com\/1\/wp-json\/wp\/v2\/types\/post"}],"author":[{"embeddable":true,"href":"https:\/\/www.caririemacao.com\/1\/wp-json\/wp\/v2\/users\/6"}],"replies":[{"embeddable":true,"href":"https:\/\/www.caririemacao.com\/1\/wp-json\/wp\/v2\/comments?post=256734"}],"version-history":[{"count":1,"href":"https:\/\/www.caririemacao.com\/1\/wp-json\/wp\/v2\/posts\/256734\/revisions"}],"predecessor-version":[{"id":256736,"href":"https:\/\/www.caririemacao.com\/1\/wp-json\/wp\/v2\/posts\/256734\/revisions\/256736"}],"wp:featuredmedia":[{"embeddable":true,"href":"https:\/\/www.caririemacao.com\/1\/wp-json\/wp\/v2\/media\/256735"}],"wp:attachment":[{"href":"https:\/\/www.caririemacao.com\/1\/wp-json\/wp\/v2\/media?parent=256734"}],"wp:term":[{"taxonomy":"category","embeddable":true,"href":"https:\/\/www.caririemacao.com\/1\/wp-json\/wp\/v2\/categories?post=256734"},{"taxonomy":"post_tag","embeddable":true,"href":"https:\/\/www.caririemacao.com\/1\/wp-json\/wp\/v2\/tags?post=256734"}],"curies":[{"name":"wp","href":"https:\/\/api.w.org\/{rel}","templated":true}]}}