{"id":256737,"date":"2022-09-22T07:08:14","date_gmt":"2022-09-22T10:08:14","guid":{"rendered":"https:\/\/www.caririemacao.com\/1\/?p=256737"},"modified":"2022-09-22T07:08:14","modified_gmt":"2022-09-22T10:08:14","slug":"confira-a-agenda-dos-candidatos-ao-governo-da-paraiba-nesta-quinta-feira-4","status":"publish","type":"post","link":"https:\/\/www.caririemacao.com\/1\/2022\/09\/22\/confira-a-agenda-dos-candidatos-ao-governo-da-paraiba-nesta-quinta-feira-4\/","title":{"rendered":"Confira a agenda dos candidatos ao Governo da Para\u00edba nesta quinta-feira"},"content":{"rendered":"<p><em><strong>Os candidatos ao Governo do Estado participam nesta quinta-feira (22) de reuni\u00f5es, caravanas e com\u00edcios entre outras atividades.<\/strong><\/em><\/p>\n<p><strong>Adjany Simpl\u00edcio (PSOL)<\/strong><\/p>\n<p>9h &#8211; Reuni\u00e3o na ASPOL<\/p>\n<p>14h &#8211; Grava\u00e7\u00e3o de guia eleitoral<\/p>\n<p>16h &#8211; #TBTs\u00e3o do PSOL<\/p>\n<p>17h &#8211; Mesa: a import\u00e2ncia da mulher na pol\u00edtica, Funda\u00e7\u00e3o Margarida Maria Alves<\/p>\n<p><strong>Adriano Trajano (PCO)<\/strong><\/p>\n<p>AdrianoTrajano e seu vice Jos\u00e9 Pessoa, visitam S\u00e3o Jo\u00e3o do Tigre, S\u00e3o\u00a0 Jo\u00e3o do Cariri, Boa Vista, Sum\u00e9 e Serra Branca.<\/p>\n<p><strong>Jo\u00e3o Azev\u00eado (PSB)<\/strong><\/p>\n<p>Manh\u00e3<\/p>\n<p>&#8211; 8h &#8211; Agenda administrativa<\/p>\n<p>&#8211; 10h Gravac\u00e3o do guia eleitoral<\/p>\n<p>Tarde<\/p>\n<p>&#8211; 16h40 Caminhada no Severino Cabral &#8211; Campina Grande<\/p>\n<p>Concentra\u00e7\u00e3o: Rua Jo\u00e3o S\u00e9rgio de Almeida, 563 &#8211; Bodocong\u00f3<\/p>\n<p>Noite<\/p>\n<p>&#8211; 19h Plen\u00e1ria 40 com movimentos culturais e sociais<\/p>\n<p>Local: Audit\u00f3rio Suellen Caroline. R ia Lu\u00edza Bezerra Mota &#8211; Sandra Cavalcante, Campina Grande<\/p>\n<p><strong>Major Fabio (PRTB)<\/strong><\/p>\n<p>A equipe do candidato ainda n\u00e3o enviou a agenda oficial ao ClickPB.<\/p>\n<p><strong>Nascimento (PSTU)<\/strong><\/p>\n<p>A equipe do candidato ainda n\u00e3o enviou a agenda oficial ao ClickPB.<\/p>\n<p><strong>Nilvan Ferreira (PL)<\/strong><\/p>\n<p>12h \u2013 Entrevista na r\u00e1dio Arapuan FM<br \/>\nSegue viagem para o sert\u00e3o<\/p>\n<p>23\/09 SEXTA<br \/>\nPassagem pelo vale do Pianc\u00f3 com Pit Stops nas cidades: Concei\u00e7\u00e3o, Itaporanga, Pianc\u00f3, Catingueira e Santa Teresinha<\/p>\n<p><strong>Pedro Cunha Lima (PSDB)<\/strong><\/p>\n<p>A equipe do candidato ainda n\u00e3o enviou a agenda oficial ao ClickPB.<\/p>\n<p><strong>Veneziano (MDB)<\/strong><\/p>\n<p>MANH\u00c3<\/p>\n<p>Concede entrevista na R\u00e1dio CBN Jo\u00e3o Pessoa, a partir das 10h<\/p>\n<p>TARDE<\/p>\n<p>Participa de Caminhada em Santa Rita, a partir das 16h<\/p>\n<p>NOITE<\/p>\n<p>Participa de Caminhada em Bayeux, a partir das 19h<\/p>\n<p>FONTE: Click PB<\/p>\n","protected":false},"excerpt":{"rendered":"<p>Os candidatos ao Governo do Estado participam nesta quinta-feira (22) de reuni\u00f5es, caravanas e com\u00edcios entre outras atividades. Adjany Simpl\u00edcio (PSOL) 9h &#8211; Reuni\u00e3o na&hellip; <\/p>\n","protected":false},"author":6,"featured_media":256738,"comment_status":"closed","ping_status":"closed","sticky":false,"template":"","format":"standard","meta":{"sfsi_plus_gutenberg_text_before_share":"","sfsi_plus_gutenberg_show_text_before_share":"","sfsi_plus_gutenberg_icon_type":"","sfsi_plus_gutenberg_icon_alignemt":"","sfsi_plus_gutenburg_max_per_row":"","footnotes":""},"categories":[50,104,11],"tags":[],"class_list":["post-256737","post","type-post","status-publish","format-standard","has-post-thumbnail","hentry","category-destaque","category-paraiba","category-politica"],"_links":{"self":[{"href":"https:\/\/www.caririemacao.com\/1\/wp-json\/wp\/v2\/posts\/256737","targetHints":{"allow":["GET"]}}],"collection":[{"href":"https:\/\/www.caririemacao.com\/1\/wp-json\/wp\/v2\/posts"}],"about":[{"href":"https:\/\/www.caririemacao.com\/1\/wp-json\/wp\/v2\/types\/post"}],"author":[{"embeddable":true,"href":"https:\/\/www.caririemacao.com\/1\/wp-json\/wp\/v2\/users\/6"}],"replies":[{"embeddable":true,"href":"https:\/\/www.caririemacao.com\/1\/wp-json\/wp\/v2\/comments?post=256737"}],"version-history":[{"count":1,"href":"https:\/\/www.caririemacao.com\/1\/wp-json\/wp\/v2\/posts\/256737\/revisions"}],"predecessor-version":[{"id":256739,"href":"https:\/\/www.caririemacao.com\/1\/wp-json\/wp\/v2\/posts\/256737\/revisions\/256739"}],"wp:featuredmedia":[{"embeddable":true,"href":"https:\/\/www.caririemacao.com\/1\/wp-json\/wp\/v2\/media\/256738"}],"wp:attachment":[{"href":"https:\/\/www.caririemacao.com\/1\/wp-json\/wp\/v2\/media?parent=256737"}],"wp:term":[{"taxonomy":"category","embeddable":true,"href":"https:\/\/www.caririemacao.com\/1\/wp-json\/wp\/v2\/categories?post=256737"},{"taxonomy":"post_tag","embeddable":true,"href":"https:\/\/www.caririemacao.com\/1\/wp-json\/wp\/v2\/tags?post=256737"}],"curies":[{"name":"wp","href":"https:\/\/api.w.org\/{rel}","templated":true}]}}