{"id":256746,"date":"2022-09-22T07:14:27","date_gmt":"2022-09-22T10:14:27","guid":{"rendered":"https:\/\/www.caririemacao.com\/1\/?p=256746"},"modified":"2022-09-22T07:14:27","modified_gmt":"2022-09-22T10:14:27","slug":"autor-de-impeachment-de-dilma-declara-apoio-a-lula-no-primeiro-turno-evitar-o-pior","status":"publish","type":"post","link":"https:\/\/www.caririemacao.com\/1\/2022\/09\/22\/autor-de-impeachment-de-dilma-declara-apoio-a-lula-no-primeiro-turno-evitar-o-pior\/","title":{"rendered":"Autor de impeachment de Dilma declara apoio a Lula no primeiro turno: &#8216;Evitar o pior&#8217;"},"content":{"rendered":"<p style=\"text-align: center;\"><em><strong>Miguel Reale J\u00fanior foi ministro de Fernando Henrique e era entusiasta da terceira via.<\/strong><\/em><\/p>\n<p>O ex-ministro da Justi\u00e7a Miguel Reale J\u00fanior declarou nesta quarta-feira apoio ao ex-presidente Luiz In\u00e1cio Lula da Silva (PT) no 1\u00b0 turno da elei\u00e7\u00e3o para presidente da Rep\u00fablica. Reale foi um dos autores do pedido de impeachment contra a ex-presidente Dilma Rousseff (PT), em 2015. Agora, diz ser necess\u00e1rio apoiar os petistas para &#8220;evitar o pior&#8221;, em refer\u00eancia ao presidente Jair Bolsonaro (PL).<\/p>\n<p>\u2014 Eu creio que n\u00f3s devemos nesse instante evitar um mal maior. Evitar que haja conturba\u00e7\u00f5es na vida social brasileira \u2014 disse Reale ao GLOBO \u2014 N\u00e3o vai haver ofensas a ministros do Supremo ou do TSE. N\u00e3o vai haver amea\u00e7a de golpe.<\/p>\n<p>O ex-ministro disse que sua a\u00e7\u00e3o teve como base a preocupa\u00e7\u00e3o com o &#8220;desespero&#8221; de Bolsonaro e o &#8220;risco de amea\u00e7a de golpe&#8221;. Ele tamb\u00e9m comparou sua escolha de agora com a decis\u00e3o de apoiar Lula contra Fernando Collor em 1989.<\/p>\n<p>\u2014 Bolsonaro j\u00e1 usou o enterro da rainha Elizabeth e a reuni\u00e3o da ONU para fazer campanha. Imagine o que ele faria no segundo turno? Com risco da amea\u00e7a continua de golpe que ele sempre repete e continua falando da inseguran\u00e7a das urnas eletr\u00f4nicas, inclusive na ONU \u2014 disse.<\/p>\n<p>Reale era entusiasta da chamada terceira via, uma alternativa diferente de Lula ou do presidente Jair Bolsonaro (PL). Atualmente encabe\u00e7ada por Simone Tebet (MDB), a terceira via n\u00e3o conseguiu quebrar a polariza\u00e7\u00e3o entre os dois. Tebet tem 5% das inten\u00e7\u00f5es de votos v\u00e1lidos, segundo a \u00faltima pesquisa do Ipec (ex-Ibope) divulgada na segunda-feira. Ao ser questionado se Simone deveria desistir para apoiar Lula, Reale disse:<\/p>\n<p>\u2014 N\u00e3o sei. Eu admiro muito. Eu acho que ela \u00e9 a candidata ideal, mas est\u00e1 com 5% (dos votos) a 10 dias da elei\u00e7\u00e3o. Eu lamento muito.<\/p>\n<p>&#8220;Decidir por Lula \u00e9 consequ\u00eancia de saber que assim se evitar\u00e1 ataques \u00e0 democracia, \u00e0 dignidade da pessoa humana e ao meio ambiente, que, com certeza, suceder\u00e3o com maior intensidade em novo mandato do Bolsonaro&#8221;, escreveu Reale em uma nota enviada a jornalistas. &#8220;Sem perspectiva de vit\u00f3ria da terceira via, \u00e9 importante que Lula ven\u00e7a no primeiro turno, para se impedir a\u00e7\u00e3o desesperada de Bolsonaro&#8221;, defendeu Reale.<\/p>\n<p>FONTE: Click PB<\/p>\n","protected":false},"excerpt":{"rendered":"<p>Miguel Reale J\u00fanior foi ministro de Fernando Henrique e era entusiasta da terceira via. O ex-ministro da Justi\u00e7a Miguel Reale J\u00fanior declarou nesta quarta-feira apoio&hellip; <\/p>\n","protected":false},"author":6,"featured_media":256747,"comment_status":"closed","ping_status":"closed","sticky":false,"template":"","format":"standard","meta":{"sfsi_plus_gutenberg_text_before_share":"","sfsi_plus_gutenberg_show_text_before_share":"","sfsi_plus_gutenberg_icon_type":"","sfsi_plus_gutenberg_icon_alignemt":"","sfsi_plus_gutenburg_max_per_row":"","footnotes":""},"categories":[123,50,11],"tags":[],"class_list":["post-256746","post","type-post","status-publish","format-standard","has-post-thumbnail","hentry","category-brasil","category-destaque","category-politica"],"_links":{"self":[{"href":"https:\/\/www.caririemacao.com\/1\/wp-json\/wp\/v2\/posts\/256746","targetHints":{"allow":["GET"]}}],"collection":[{"href":"https:\/\/www.caririemacao.com\/1\/wp-json\/wp\/v2\/posts"}],"about":[{"href":"https:\/\/www.caririemacao.com\/1\/wp-json\/wp\/v2\/types\/post"}],"author":[{"embeddable":true,"href":"https:\/\/www.caririemacao.com\/1\/wp-json\/wp\/v2\/users\/6"}],"replies":[{"embeddable":true,"href":"https:\/\/www.caririemacao.com\/1\/wp-json\/wp\/v2\/comments?post=256746"}],"version-history":[{"count":1,"href":"https:\/\/www.caririemacao.com\/1\/wp-json\/wp\/v2\/posts\/256746\/revisions"}],"predecessor-version":[{"id":256748,"href":"https:\/\/www.caririemacao.com\/1\/wp-json\/wp\/v2\/posts\/256746\/revisions\/256748"}],"wp:featuredmedia":[{"embeddable":true,"href":"https:\/\/www.caririemacao.com\/1\/wp-json\/wp\/v2\/media\/256747"}],"wp:attachment":[{"href":"https:\/\/www.caririemacao.com\/1\/wp-json\/wp\/v2\/media?parent=256746"}],"wp:term":[{"taxonomy":"category","embeddable":true,"href":"https:\/\/www.caririemacao.com\/1\/wp-json\/wp\/v2\/categories?post=256746"},{"taxonomy":"post_tag","embeddable":true,"href":"https:\/\/www.caririemacao.com\/1\/wp-json\/wp\/v2\/tags?post=256746"}],"curies":[{"name":"wp","href":"https:\/\/api.w.org\/{rel}","templated":true}]}}