{"id":256749,"date":"2022-09-22T07:17:35","date_gmt":"2022-09-22T10:17:35","guid":{"rendered":"https:\/\/www.caririemacao.com\/1\/?p=256749"},"modified":"2022-09-22T07:17:35","modified_gmt":"2022-09-22T10:17:35","slug":"tse-recomenda-baixar-aplicativo-para-acesso-a-titulo-de-eleitor-digital","status":"publish","type":"post","link":"https:\/\/www.caririemacao.com\/1\/2022\/09\/22\/tse-recomenda-baixar-aplicativo-para-acesso-a-titulo-de-eleitor-digital\/","title":{"rendered":"TSE recomenda baixar aplicativo para acesso a t\u00edtulo de eleitor digital"},"content":{"rendered":"<p><em><strong>Aplicativo permite consulta ao local de vota\u00e7\u00e3o, verifica\u00e7\u00e3o de d\u00e9bitos eleitorais, justificar voto, bem como emitir certid\u00e3o de quita\u00e7\u00e3o eleitoral.<\/strong><\/em><\/p>\n<p>Mais de 463 mil eleitores e eleitoras da Para\u00edba j\u00e1 fizeram o download do e-T\u00edtulo, a vers\u00e3o digital do t\u00edtulo eleitoral. Em todo o Brasil, o aplicativo foi baixado por 27 milh\u00f5es de pessoas. O aplicativo, desenvolvido pela Justi\u00e7a Eleitoral, est\u00e1 dispon\u00edvel na<strong>\u00a0<a href=\"https:\/\/apps.apple.com\/br\/app\/e-t%C3%ADtulo\/id1320338088\">App Store (iOS)<\/a><\/strong><a href=\"https:\/\/apps.apple.com\/br\/app\/e-t%C3%ADtulo\/id1320338088\">\u00a0<\/a>e no\u00a0<a href=\"https:\/\/play.google.com\/store\/apps\/details?id=br.jus.tse.eleitoral.etitulo&amp;hl=pt_BR&amp;gl=US\"><strong>Google Play (Android)<\/strong><\/a>.<\/p>\n<p>O e-T\u00edtulo permite a consulta ao local de vota\u00e7\u00e3o (zona e se\u00e7\u00e3o eleitoral), e a verifica\u00e7\u00e3o da exist\u00eancia de d\u00e9bitos eleitorais.<\/p>\n<p>Por meio do aplicativo, tamb\u00e9m \u00e9 poss\u00edvel justificar a aus\u00eancia \u00e0s urnas, bem como emitir certid\u00f5es de quita\u00e7\u00e3o eleitoral e nada consta criminal eleitoral.<\/p>\n<h2>Pode ser usado como identifica\u00e7\u00e3o<\/h2>\n<p>Pessoas que cadastraram a biometria na Justi\u00e7a Eleitoral antes da pandemia, e t\u00eam a fotografia exibida no app poder\u00e3o utilizar o e-T\u00edtulo como forma de identifica\u00e7\u00e3o nas Elei\u00e7\u00f5es Gerais de 2022. Aqueles que n\u00e3o t\u00eam a fotografia exibida no app dever\u00e3o comparecer ao local de vota\u00e7\u00e3o munidas de um documento oficial com foto. Atualmente, cerca de 118 milh\u00f5es de eleitores j\u00e1 possuem as impress\u00f5es digitais registradas na Justi\u00e7a Eleitoral, n\u00famero que corresponde a 75% do eleitorado nacional.<\/p>\n<p>No entanto, o eleitor deve ficar atento, pois no dia 2 de outubro, quando ocorre o primeiro turno, o download do e-T\u00edtulo estar\u00e1 suspenso, voltando a ser liberado a partir de 3 de outubro. Para um eventual segundo turno, a regra \u00e9 a mesma: s\u00f3 ser\u00e1 poss\u00edvel baixar a via digital do t\u00edtulo at\u00e9 a v\u00e9spera (29 de outubro).<\/p>\n<p>O uso da via digital do t\u00edtulo de eleitor como documento de identifica\u00e7\u00e3o na data do pleito est\u00e1 previsto no\u00a0<a href=\"https:\/\/www.tse.jus.br\/legislacao\/compilada\/res\/2021\/resolucao-no-23-669-de-14-de-dezembro-de-2021\"><strong>artigo 111 da Resolu\u00e7\u00e3o TSE n\u00ba 23.669\/2021<\/strong><\/a>, que trata dos atos gerais do processo eleitoral para o pleito de 2022.<\/p>\n<p>FONTE: Portal Correio<\/p>\n","protected":false},"excerpt":{"rendered":"<p>Aplicativo permite consulta ao local de vota\u00e7\u00e3o, verifica\u00e7\u00e3o de d\u00e9bitos eleitorais, justificar voto, bem como emitir certid\u00e3o de quita\u00e7\u00e3o eleitoral. Mais de 463 mil eleitores&hellip; <\/p>\n","protected":false},"author":6,"featured_media":256750,"comment_status":"closed","ping_status":"closed","sticky":false,"template":"","format":"standard","meta":{"sfsi_plus_gutenberg_text_before_share":"","sfsi_plus_gutenberg_show_text_before_share":"","sfsi_plus_gutenberg_icon_type":"","sfsi_plus_gutenberg_icon_alignemt":"","sfsi_plus_gutenburg_max_per_row":"","footnotes":""},"categories":[50,2,11],"tags":[],"class_list":["post-256749","post","type-post","status-publish","format-standard","has-post-thumbnail","hentry","category-destaque","category-geral","category-politica"],"_links":{"self":[{"href":"https:\/\/www.caririemacao.com\/1\/wp-json\/wp\/v2\/posts\/256749","targetHints":{"allow":["GET"]}}],"collection":[{"href":"https:\/\/www.caririemacao.com\/1\/wp-json\/wp\/v2\/posts"}],"about":[{"href":"https:\/\/www.caririemacao.com\/1\/wp-json\/wp\/v2\/types\/post"}],"author":[{"embeddable":true,"href":"https:\/\/www.caririemacao.com\/1\/wp-json\/wp\/v2\/users\/6"}],"replies":[{"embeddable":true,"href":"https:\/\/www.caririemacao.com\/1\/wp-json\/wp\/v2\/comments?post=256749"}],"version-history":[{"count":1,"href":"https:\/\/www.caririemacao.com\/1\/wp-json\/wp\/v2\/posts\/256749\/revisions"}],"predecessor-version":[{"id":256751,"href":"https:\/\/www.caririemacao.com\/1\/wp-json\/wp\/v2\/posts\/256749\/revisions\/256751"}],"wp:featuredmedia":[{"embeddable":true,"href":"https:\/\/www.caririemacao.com\/1\/wp-json\/wp\/v2\/media\/256750"}],"wp:attachment":[{"href":"https:\/\/www.caririemacao.com\/1\/wp-json\/wp\/v2\/media?parent=256749"}],"wp:term":[{"taxonomy":"category","embeddable":true,"href":"https:\/\/www.caririemacao.com\/1\/wp-json\/wp\/v2\/categories?post=256749"},{"taxonomy":"post_tag","embeddable":true,"href":"https:\/\/www.caririemacao.com\/1\/wp-json\/wp\/v2\/tags?post=256749"}],"curies":[{"name":"wp","href":"https:\/\/api.w.org\/{rel}","templated":true}]}}