{"id":256752,"date":"2022-09-22T07:22:29","date_gmt":"2022-09-22T10:22:29","guid":{"rendered":"https:\/\/www.caririemacao.com\/1\/?p=256752"},"modified":"2022-09-22T07:22:29","modified_gmt":"2022-09-22T10:22:29","slug":"voto-eletronico-e-seguro-confiavel-e-auditavel-reforca-procuradora-eleitoral-da-pb","status":"publish","type":"post","link":"https:\/\/www.caririemacao.com\/1\/2022\/09\/22\/voto-eletronico-e-seguro-confiavel-e-auditavel-reforca-procuradora-eleitoral-da-pb\/","title":{"rendered":"\u2018Voto eletr\u00f4nico \u00e9 seguro, confi\u00e1vel e audit\u00e1vel\u2019, refor\u00e7a procuradora eleitoral da PB"},"content":{"rendered":"<p><em><strong>Audi\u00eancia p\u00fablica promovida pelo Tribunal Regional Eleitoral da Para\u00edba (TRE-PB) demonstrou como \u00e9 feita a auditoria das urnas eletr\u00f4nicas.<\/strong><\/em><\/p>\n<p>A procuradora regional eleitoral da Para\u00edba, Ac\u00e1cia Suassuna afirmou, em audi\u00eancia p\u00fablica sobre auditoria das urnas eletr\u00f4nicas, promovida pelo Tribunal Regional Eleitoral da Para\u00edba (TRE-PB), que o voto eletr\u00f4nico \u201c\u00e9 seguro, confi\u00e1vel e audit\u00e1vel\u201d.<\/p>\n<div class=\"red-4 w-100 pb-5\">\n<div class=\"container-fluid\">\n<div class=\"row mt-5\">\n<div class=\"col-12 col-md-6 order-1 order-md-2\">\n<div class=\"bloco-texto my-4\">\n<p>Segundo a procuradora, \u00e9 fundamental mostrar \u00e0 sociedade toda a transpar\u00eancia e confiabilidade das urnas. \u201cA audi\u00eancia \u00e9 importante para mostrar os procedimentos, qual a metodologia utilizada,\u00a0 mostrar que v\u00e1rias entidades participam dessa fiscaliza\u00e7\u00e3o, com toda visibilidade, para que n\u00e3o haja d\u00favidas da confiabilidade do sistema eletr\u00f4nico de vota\u00e7\u00e3o\u201d, destacou.<\/p>\n<div id=\"alright-video-nz24rybdd\" class=\"alright-video\">\n<div id=\"alright-player\" class=\"cld-video-player video-js alright-player-dimensions vjs-controls-enabled vjs-workinghover vjs-v7 cld-fluid vjs-fluid cld-video-player-alright-player cld-video-player-skin-dark vjs-playlist vjs-contextmenu vjs-context-menu vjs-has-started vjs-user-inactive vjs-playing\" lang=\"pt-br\" tabindex=\"-1\" role=\"region\" translate=\"no\" aria-label=\"Video Player\">\n<div class=\"vjs-recommendations-overlay\">\n<div class=\"vjs-recommendations-overlay-content\">\n<div class=\"aspect-ratio-content\">\n<div class=\"vjs-recommendations-overlay-item-secondary-container\"><\/div>\n<\/div>\n<\/div>\n<\/div>\n<\/div>\n<\/div>\n<p>A representante do MP Eleitoral lembrou que \u201cisso n\u00e3o \u00e9 novidade e que h\u00e1 26 anos o Brasil \u00e9 exemplo para o mundo\u201d. Ac\u00e1cia ressaltou ainda que a Justi\u00e7a Eleitoral tem a preocupa\u00e7\u00e3o constante de aprimorar os sistemas eletr\u00f4nicos.<\/p>\n<p>\u201c\u00c9 uma constante evolu\u00e7\u00e3o, de forma a dar uma garantia \u00e0 sociedade. O objetivo da urna \u00e9 justamente eliminar a fraude, ter o m\u00ednimo de interven\u00e7\u00e3o da figura humana\u201d, pontuou.<\/p>\n<p>Ac\u00e1cia destacou tamb\u00e9m que, no dia da elei\u00e7\u00e3o, toda urna tem a emiss\u00e3o da zer\u00e9sima (extrato eletr\u00f4nico que comprova n\u00e3o haver voto no dispositivo), e que ap\u00f3s terminada a vota\u00e7\u00e3o, \u00e9 emitido o boletim de urna com todos os dados disponibilizados para as entidades fiscalizadoras.<\/p>\n<p>\u201cH\u00e1 um engajamento da Justi\u00e7a e de todas as entidades no sentido de fazer acompanhamento pr\u00e9vio, durante e posterior. Os sistemas est\u00e3o sendo constantemente fiscalizados\u201d, concluiu.<\/p>\n<p>Uma quest\u00e3o perguntada durante a audi\u00eancia p\u00fablica foi sobre a acessibilidade das urnas. Foi explicado que toda urna possui teclas em braille, bem como o recurso de \u00e1udio com fones fornecidos pela Justi\u00e7a Eleitoral.<\/p>\n<p>O eleitor com defici\u00eancia visual poder\u00e1 tamb\u00e9m ser auxiliado por pessoa de sua confian\u00e7a na hora do voto. As urnas tamb\u00e9m possuem um int\u00e9rprete de libras na tela, indicando para qual cargo o eleitor est\u00e1 votando.<\/p>\n<p>FONTE: Portal Correio<\/p>\n<\/div>\n<div class=\"mb-3\">\n<div class=\"post_share\" title=\"\" data-toggle=\"tooltip\" data-placement=\"top\" data-bs-original-title=\"Compartilhar\"><\/div>\n<\/div>\n<\/div>\n<\/div>\n<\/div>\n<\/div>\n<p><img decoding=\"async\" src=\"https:\/\/www.facebook.com\/tr?id=218425702240507&amp;ev=Tail&amp;cd[custom_audience]=CA15799\" width=\"0\" height=\"0\" \/><img decoding=\"async\" src=\"https:\/\/www.facebook.com\/tr?id=218425702240507&amp;ev=Tail&amp;cd[custom_audience]=CA15288\" width=\"0\" height=\"0\" \/><img decoding=\"async\" src=\"https:\/\/www.facebook.com\/tr?id=1992888384353851&amp;ev=Tail&amp;cd[custom_audience]=CA15771\" width=\"0\" height=\"0\" \/><img loading=\"lazy\" decoding=\"async\" src=\"https:\/\/cm.g.doubleclick.net\/pixel?google_nid=tailtarget_dmp&amp;google_cm&amp;google_ula=863447183&amp;google_ula=863657326&amp;google_ula=872987781&amp;google_ula=862479430\" width=\"0\" height=\"0\" \/><\/p>\n","protected":false},"excerpt":{"rendered":"<p>Audi\u00eancia p\u00fablica promovida pelo Tribunal Regional Eleitoral da Para\u00edba (TRE-PB) demonstrou como \u00e9 feita a auditoria das urnas eletr\u00f4nicas. A procuradora regional eleitoral da Para\u00edba,&hellip; <\/p>\n","protected":false},"author":6,"featured_media":256753,"comment_status":"closed","ping_status":"closed","sticky":false,"template":"","format":"standard","meta":{"sfsi_plus_gutenberg_text_before_share":"","sfsi_plus_gutenberg_show_text_before_share":"","sfsi_plus_gutenberg_icon_type":"","sfsi_plus_gutenberg_icon_alignemt":"","sfsi_plus_gutenburg_max_per_row":"","footnotes":""},"categories":[50,11],"tags":[],"class_list":["post-256752","post","type-post","status-publish","format-standard","has-post-thumbnail","hentry","category-destaque","category-politica"],"_links":{"self":[{"href":"https:\/\/www.caririemacao.com\/1\/wp-json\/wp\/v2\/posts\/256752","targetHints":{"allow":["GET"]}}],"collection":[{"href":"https:\/\/www.caririemacao.com\/1\/wp-json\/wp\/v2\/posts"}],"about":[{"href":"https:\/\/www.caririemacao.com\/1\/wp-json\/wp\/v2\/types\/post"}],"author":[{"embeddable":true,"href":"https:\/\/www.caririemacao.com\/1\/wp-json\/wp\/v2\/users\/6"}],"replies":[{"embeddable":true,"href":"https:\/\/www.caririemacao.com\/1\/wp-json\/wp\/v2\/comments?post=256752"}],"version-history":[{"count":1,"href":"https:\/\/www.caririemacao.com\/1\/wp-json\/wp\/v2\/posts\/256752\/revisions"}],"predecessor-version":[{"id":256754,"href":"https:\/\/www.caririemacao.com\/1\/wp-json\/wp\/v2\/posts\/256752\/revisions\/256754"}],"wp:featuredmedia":[{"embeddable":true,"href":"https:\/\/www.caririemacao.com\/1\/wp-json\/wp\/v2\/media\/256753"}],"wp:attachment":[{"href":"https:\/\/www.caririemacao.com\/1\/wp-json\/wp\/v2\/media?parent=256752"}],"wp:term":[{"taxonomy":"category","embeddable":true,"href":"https:\/\/www.caririemacao.com\/1\/wp-json\/wp\/v2\/categories?post=256752"},{"taxonomy":"post_tag","embeddable":true,"href":"https:\/\/www.caririemacao.com\/1\/wp-json\/wp\/v2\/tags?post=256752"}],"curies":[{"name":"wp","href":"https:\/\/api.w.org\/{rel}","templated":true}]}}