{"id":256755,"date":"2022-09-22T08:59:55","date_gmt":"2022-09-22T11:59:55","guid":{"rendered":"https:\/\/www.caririemacao.com\/1\/?p=256755"},"modified":"2022-09-22T08:59:55","modified_gmt":"2022-09-22T11:59:55","slug":"informe-publicitario-municipio-de-sume-e-aprovado-no-projeto-reconecte-e-familia-na-escola","status":"publish","type":"post","link":"https:\/\/www.caririemacao.com\/1\/2022\/09\/22\/informe-publicitario-municipio-de-sume-e-aprovado-no-projeto-reconecte-e-familia-na-escola\/","title":{"rendered":"INFORME PUBLICIT\u00c1RIO: Munic\u00edpio de Sum\u00e9 \u00e9 aprovado no Projeto Reconecte e Fam\u00edlia na Escola"},"content":{"rendered":"<p>O munic\u00edpio de Sum\u00e9 concorreu ao Edital de Chamamento P\u00fablico n.\u00ba 02\/2022 da Secretaria Nacional da Fam\u00edlia, do Governo Federal e ficou em 5\u00ba lugar no Brasil na implementa\u00e7\u00e3o do\u00a0Projeto Reconecte e do Projeto Piloto Fam\u00edlia na Escola.<\/p>\n<p>O Projeto\u00a0Reconecte\u00a0foi criado pela portaria, n.\u00ba 3.174 de 10 de dezembro de 2020 e tem como principal objetivo fortalecer os v\u00ednculos familiares por meio do uso saud\u00e1vel das novas tecnologias, fornecendo acesso mais amplo \u00e0s fam\u00edlias e \u00e0 popula\u00e7\u00e3o em geral dos conhecimentos cient\u00edficos, a respeito do uso de recursos tecnol\u00f3gicos de maneira adequada, abordando aspectos sociais, educacionais, de sa\u00fade f\u00edsica, ps\u00edquica e de seguran\u00e7a cibern\u00e9tica, visando a aquisi\u00e7\u00e3o de uma maior consci\u00eancia sobre as consequ\u00eancias do uso tecnol\u00f3gico.<\/p>\n<p>O p\u00fablico alvo desse projeto s\u00e3o fam\u00edlias que possuem crian\u00e7as e adolescentes com idades entre 9 e 14 anos.<\/p>\n<p>J\u00e1 o Projeto\u00a0Fam\u00edlia na Escola\u00a0tem o objetivo de promover a intera\u00e7\u00e3o entre a fam\u00edlias e a escola, por meio de forma\u00e7\u00f5es em habilidades parentais, direitos da crian\u00e7a e acompanhamento pedag\u00f3gico, a fim de garantir o desenvolvimento integral da crian\u00e7a e o fortalecimento dos v\u00ednculos familiares.<\/p>\n<p>Esse projeto \u00e9 direcionado \u00e0s fam\u00edlias que possuem crian\u00e7as nas idades entre zero e 11 anos, matriculadas na educa\u00e7\u00e3o Infantil e ensino Fundamental I, at\u00e9 o 5\u00ba ano.<\/p>\n<p>Com investimento no valor de R$ 115.866 oriundos da Secretaria Nacional da Fam\u00edlia do Minist\u00e9rio da Mulher, da Fam\u00edlias e dos Direitos Humanos e do munic\u00edpio de Sum\u00e9, os dois projetos t\u00eam previs\u00e3o para iniciar at\u00e9 o m\u00eas de mar\u00e7o do ano de 2023.<\/p>\n<div class=\"wp-block-image\">\n<figure class=\"aligncenter\"><img decoding=\"async\" class=\"wp-image-9449 aligncenter lazyload\" data-src=\"https:\/\/paraibadagente.com.br\/site\/wp-content\/uploads\/2021\/12\/LOGOTIPO-SUME-1-300x300.jpeg\" alt=\"\" src=\"data:image\/svg+xml;base64,PHN2ZyB3aWR0aD0iMSIgaGVpZ2h0PSIxIiB4bWxucz0iaHR0cDovL3d3dy53My5vcmcvMjAwMC9zdmciPjwvc3ZnPg==\" style=\"--smush-placeholder-width: 300px; --smush-placeholder-aspect-ratio: 300\/300;\" \/><\/figure>\n<\/div>\n","protected":false},"excerpt":{"rendered":"<p>O munic\u00edpio de Sum\u00e9 concorreu ao Edital de Chamamento P\u00fablico n.\u00ba 02\/2022 da Secretaria Nacional da Fam\u00edlia, do Governo Federal e ficou em 5\u00ba lugar&hellip; <\/p>\n","protected":false},"author":6,"featured_media":203315,"comment_status":"closed","ping_status":"closed","sticky":false,"template":"","format":"standard","meta":{"sfsi_plus_gutenberg_text_before_share":"","sfsi_plus_gutenberg_show_text_before_share":"","sfsi_plus_gutenberg_icon_type":"","sfsi_plus_gutenberg_icon_alignemt":"","sfsi_plus_gutenburg_max_per_row":"","footnotes":""},"categories":[95],"tags":[],"class_list":["post-256755","post","type-post","status-publish","format-standard","has-post-thumbnail","hentry","category-sume"],"_links":{"self":[{"href":"https:\/\/www.caririemacao.com\/1\/wp-json\/wp\/v2\/posts\/256755","targetHints":{"allow":["GET"]}}],"collection":[{"href":"https:\/\/www.caririemacao.com\/1\/wp-json\/wp\/v2\/posts"}],"about":[{"href":"https:\/\/www.caririemacao.com\/1\/wp-json\/wp\/v2\/types\/post"}],"author":[{"embeddable":true,"href":"https:\/\/www.caririemacao.com\/1\/wp-json\/wp\/v2\/users\/6"}],"replies":[{"embeddable":true,"href":"https:\/\/www.caririemacao.com\/1\/wp-json\/wp\/v2\/comments?post=256755"}],"version-history":[{"count":1,"href":"https:\/\/www.caririemacao.com\/1\/wp-json\/wp\/v2\/posts\/256755\/revisions"}],"predecessor-version":[{"id":256756,"href":"https:\/\/www.caririemacao.com\/1\/wp-json\/wp\/v2\/posts\/256755\/revisions\/256756"}],"wp:featuredmedia":[{"embeddable":true,"href":"https:\/\/www.caririemacao.com\/1\/wp-json\/wp\/v2\/media\/203315"}],"wp:attachment":[{"href":"https:\/\/www.caririemacao.com\/1\/wp-json\/wp\/v2\/media?parent=256755"}],"wp:term":[{"taxonomy":"category","embeddable":true,"href":"https:\/\/www.caririemacao.com\/1\/wp-json\/wp\/v2\/categories?post=256755"},{"taxonomy":"post_tag","embeddable":true,"href":"https:\/\/www.caririemacao.com\/1\/wp-json\/wp\/v2\/tags?post=256755"}],"curies":[{"name":"wp","href":"https:\/\/api.w.org\/{rel}","templated":true}]}}