{"id":256760,"date":"2022-09-22T10:07:33","date_gmt":"2022-09-22T13:07:33","guid":{"rendered":"https:\/\/www.caririemacao.com\/1\/?p=256760"},"modified":"2022-09-22T10:07:33","modified_gmt":"2022-09-22T13:07:33","slug":"seguranca-hidrica-dr-ramonilson-apresenta-propostas-para-garantir-abastecimento-de-agua-nas-regioes-do-sertao-e-cariri-da-paraiba","status":"publish","type":"post","link":"https:\/\/www.caririemacao.com\/1\/2022\/09\/22\/seguranca-hidrica-dr-ramonilson-apresenta-propostas-para-garantir-abastecimento-de-agua-nas-regioes-do-sertao-e-cariri-da-paraiba\/","title":{"rendered":"Seguran\u00e7a h\u00eddrica: Dr. Ramonilson apresenta propostas para garantir abastecimento de \u00e1gua nas regi\u00f5es do Sert\u00e3o e Cariri da Para\u00edba"},"content":{"rendered":"<p>Em entrevista \u00e0 imprensa na manh\u00e3 desta quinta-feira, 22 de setembro, Dr. Ramonilson voltou a defender mais investimentos em seguran\u00e7a h\u00eddrica nas regi\u00f5es do Sert\u00e3o e Cariri do Estado, que sofrem regularmente com a estiagem.<\/p>\n<p>Ainda segundo o juiz aposentado, a constru\u00e7\u00e3o de barragens, cisternas e adutoras al\u00e9m da perfura\u00e7\u00e3o de po\u00e7os s\u00e3o medidas fundamentais com o intuito de garantir o acesso \u00e0 \u00e1gua pot\u00e1vel, garantido pela Constitui\u00e7\u00e3o Federal e mais recentemente pelo Plano Nacional de Saneamento B\u00e1sico.<\/p>\n<p>&#8220;\u00c9 fundamental que obras como a &#8220;Adutora Transpara\u00edba&#8221; ganhe uma maior celeridade com vistas a atender \u00e0 popula\u00e7\u00e3o do Cariri, bem como o Ramal Pianc\u00f3 da Transposi\u00e7\u00e3o do S\u00e3o Francisco, que possibilitar\u00e1 uma terceira entrada ao Sert\u00e3o. \u00c9 preciso uma mobiliza\u00e7\u00e3o conjunta da sociedade civil para viabilizar de forma concreta a efetiva\u00e7\u00e3o dessas interven\u00e7\u00f5es h\u00eddricas. Estou atento a essa causa justa e leg\u00edtima de nossa gente&#8221;, concluiu.<\/p>\n","protected":false},"excerpt":{"rendered":"<p>Em entrevista \u00e0 imprensa na manh\u00e3 desta quinta-feira, 22 de setembro, Dr. Ramonilson voltou a defender mais investimentos em seguran\u00e7a h\u00eddrica nas regi\u00f5es do Sert\u00e3o&hellip; <\/p>\n","protected":false},"author":6,"featured_media":256761,"comment_status":"closed","ping_status":"closed","sticky":false,"template":"","format":"standard","meta":{"sfsi_plus_gutenberg_text_before_share":"","sfsi_plus_gutenberg_show_text_before_share":"","sfsi_plus_gutenberg_icon_type":"","sfsi_plus_gutenberg_icon_alignemt":"","sfsi_plus_gutenburg_max_per_row":"","footnotes":""},"categories":[104],"tags":[],"class_list":["post-256760","post","type-post","status-publish","format-standard","has-post-thumbnail","hentry","category-paraiba"],"_links":{"self":[{"href":"https:\/\/www.caririemacao.com\/1\/wp-json\/wp\/v2\/posts\/256760","targetHints":{"allow":["GET"]}}],"collection":[{"href":"https:\/\/www.caririemacao.com\/1\/wp-json\/wp\/v2\/posts"}],"about":[{"href":"https:\/\/www.caririemacao.com\/1\/wp-json\/wp\/v2\/types\/post"}],"author":[{"embeddable":true,"href":"https:\/\/www.caririemacao.com\/1\/wp-json\/wp\/v2\/users\/6"}],"replies":[{"embeddable":true,"href":"https:\/\/www.caririemacao.com\/1\/wp-json\/wp\/v2\/comments?post=256760"}],"version-history":[{"count":1,"href":"https:\/\/www.caririemacao.com\/1\/wp-json\/wp\/v2\/posts\/256760\/revisions"}],"predecessor-version":[{"id":256762,"href":"https:\/\/www.caririemacao.com\/1\/wp-json\/wp\/v2\/posts\/256760\/revisions\/256762"}],"wp:featuredmedia":[{"embeddable":true,"href":"https:\/\/www.caririemacao.com\/1\/wp-json\/wp\/v2\/media\/256761"}],"wp:attachment":[{"href":"https:\/\/www.caririemacao.com\/1\/wp-json\/wp\/v2\/media?parent=256760"}],"wp:term":[{"taxonomy":"category","embeddable":true,"href":"https:\/\/www.caririemacao.com\/1\/wp-json\/wp\/v2\/categories?post=256760"},{"taxonomy":"post_tag","embeddable":true,"href":"https:\/\/www.caririemacao.com\/1\/wp-json\/wp\/v2\/tags?post=256760"}],"curies":[{"name":"wp","href":"https:\/\/api.w.org\/{rel}","templated":true}]}}