{"id":256763,"date":"2022-09-22T10:10:08","date_gmt":"2022-09-22T13:10:08","guid":{"rendered":"https:\/\/www.caririemacao.com\/1\/?p=256763"},"modified":"2022-09-22T10:10:08","modified_gmt":"2022-09-22T13:10:08","slug":"pesquisa-ipec-numeros-irao-mostrar-cenario-para-governador-no-1o-e-2o-turnos-na-paraiba","status":"publish","type":"post","link":"https:\/\/www.caririemacao.com\/1\/2022\/09\/22\/pesquisa-ipec-numeros-irao-mostrar-cenario-para-governador-no-1o-e-2o-turnos-na-paraiba\/","title":{"rendered":"Pesquisa IPEC: n\u00fameros ir\u00e3o mostrar cen\u00e1rio para governador no 1\u00ba e 2\u00ba turnos na Para\u00edba"},"content":{"rendered":"<p>Os n\u00fameros da segunda pesquisa IPEC com inten\u00e7\u00f5es de voto na Para\u00edba dever\u00e3o ser divulgados hoje (quinta-feira), no JPB 2\u00aa edi\u00e7\u00e3o, das TVs Para\u00edba e Cabo Branco. A sondagem vai tra\u00e7ar o cen\u00e1rio da disputa para governador e para o Senado no primeiro e, no caso das candidaturas ao Governo, em um eventual segundo turno.<\/p>\n<p>A\u00a0pesquisa foi contratada pela TV Cabo Branco.\u00a0Os dados ser\u00e3o veiculados com a participa\u00e7\u00e3o dos demais ve\u00edculos da Rede Para\u00edba de Comunica\u00e7\u00e3o, como o Jornal da Para\u00edba, a R\u00e1dio CBN e o Jornal da Para\u00edba.<\/p>\n<p>O Ipec vai trazer as inten\u00e7\u00f5es de voto dos paraibanos com uma segunda etapa entre os candidatos que apareceram com mais de dois d\u00edgitos na primeira pesquisa.<\/p>\n<p>De acordo com o \u00faltimo resultado, Jo\u00e3o Azev\u00eado obteve 32%, Pedro Cunha Lima (16%), Nilvan Ferreira (15%) e Veneziano Vital do R\u00eago (14%). Os tr\u00eas \u00faltimos estavam naquela \u00e9poca tecnicamente empatados.<\/p>\n<blockquote><p>Entre os cen\u00e1rios previstos est\u00e3o: Jo\u00e3o Azev\u00eado x Pedro Cunha Lima, Jo\u00e3o Azev\u00eado x Nilvan Ferreira, Jo\u00e3o Azev\u00eado x Veneziano. E ainda, Pedro Cunha Lima x Nilvan Ferreira, Pedro Cunha Lima x Veneziano Vital e Nilvan Ferreira x Veneziano Vital.<\/p><\/blockquote>\n<p>Na sondagem o instituto ir\u00e1 aferir, al\u00e9m das inten\u00e7\u00f5es de voto, os \u00edndices de rejei\u00e7\u00e3o dos candidatos e os seus desempenhos por sexo, faixa et\u00e1ria e escolaridade.<\/p>\n<p>O Ipec foi criado por ex-executivos do Ibope Intelig\u00eancia, que encerrou as atividades.\u00a0A primeira pesquisa do instituto aqui no Estado foi divulgada no dia 29 de agosto.\u00a0Confira aqui todos os n\u00fameros.<\/p>\n<p>&nbsp;<\/p>\n<p>Jornal da Para\u00edba\/Coluna Pleno Poder<\/p>\n","protected":false},"excerpt":{"rendered":"<p>Os n\u00fameros da segunda pesquisa IPEC com inten\u00e7\u00f5es de voto na Para\u00edba dever\u00e3o ser divulgados hoje (quinta-feira), no JPB 2\u00aa edi\u00e7\u00e3o, das TVs Para\u00edba e&hellip; <\/p>\n","protected":false},"author":6,"featured_media":256764,"comment_status":"closed","ping_status":"closed","sticky":false,"template":"","format":"standard","meta":{"sfsi_plus_gutenberg_text_before_share":"","sfsi_plus_gutenberg_show_text_before_share":"","sfsi_plus_gutenberg_icon_type":"","sfsi_plus_gutenberg_icon_alignemt":"","sfsi_plus_gutenburg_max_per_row":"","footnotes":""},"categories":[104],"tags":[],"class_list":["post-256763","post","type-post","status-publish","format-standard","has-post-thumbnail","hentry","category-paraiba"],"_links":{"self":[{"href":"https:\/\/www.caririemacao.com\/1\/wp-json\/wp\/v2\/posts\/256763","targetHints":{"allow":["GET"]}}],"collection":[{"href":"https:\/\/www.caririemacao.com\/1\/wp-json\/wp\/v2\/posts"}],"about":[{"href":"https:\/\/www.caririemacao.com\/1\/wp-json\/wp\/v2\/types\/post"}],"author":[{"embeddable":true,"href":"https:\/\/www.caririemacao.com\/1\/wp-json\/wp\/v2\/users\/6"}],"replies":[{"embeddable":true,"href":"https:\/\/www.caririemacao.com\/1\/wp-json\/wp\/v2\/comments?post=256763"}],"version-history":[{"count":1,"href":"https:\/\/www.caririemacao.com\/1\/wp-json\/wp\/v2\/posts\/256763\/revisions"}],"predecessor-version":[{"id":256765,"href":"https:\/\/www.caririemacao.com\/1\/wp-json\/wp\/v2\/posts\/256763\/revisions\/256765"}],"wp:featuredmedia":[{"embeddable":true,"href":"https:\/\/www.caririemacao.com\/1\/wp-json\/wp\/v2\/media\/256764"}],"wp:attachment":[{"href":"https:\/\/www.caririemacao.com\/1\/wp-json\/wp\/v2\/media?parent=256763"}],"wp:term":[{"taxonomy":"category","embeddable":true,"href":"https:\/\/www.caririemacao.com\/1\/wp-json\/wp\/v2\/categories?post=256763"},{"taxonomy":"post_tag","embeddable":true,"href":"https:\/\/www.caririemacao.com\/1\/wp-json\/wp\/v2\/tags?post=256763"}],"curies":[{"name":"wp","href":"https:\/\/api.w.org\/{rel}","templated":true}]}}