{"id":256766,"date":"2022-09-22T11:44:34","date_gmt":"2022-09-22T14:44:34","guid":{"rendered":"https:\/\/www.caririemacao.com\/1\/?p=256766"},"modified":"2022-09-22T11:44:34","modified_gmt":"2022-09-22T14:44:34","slug":"jovem-pratica-assalto-se-entrega-a-pm-e-diz-que-queria-ser-preso-para-ficar-famoso","status":"publish","type":"post","link":"https:\/\/www.caririemacao.com\/1\/2022\/09\/22\/jovem-pratica-assalto-se-entrega-a-pm-e-diz-que-queria-ser-preso-para-ficar-famoso\/","title":{"rendered":"Jovem pratica assalto, se entrega \u00e0 PM e diz que queria ser preso para \u2018ficar famoso\u2019"},"content":{"rendered":"<div class=\"elementor-element elementor-element-6e53f83f elementor-widget elementor-widget-theme-post-content\" data-id=\"6e53f83f\" data-element_type=\"widget\" data-widget_type=\"theme-post-content.default\">\n<div class=\"elementor-widget-container\">\n<p>Na noite dessa quarta-feira (21), um jovem praticou um assalto e, momentos depois, se entregou \u00e0 Pol\u00edcia Militar, alegando que \u201cqueria ficar famoso\u201d.<\/p>\n<p>Segundo a Major Viviane, a guarni\u00e7\u00e3o da PM passava pelas imedia\u00e7\u00f5es do Bessa Shopping, quando foi abordada pelo pr\u00f3prio suspeito que alegou que queria se entregar. \u201cEle contou que assaltou uma senhora com uma faca e disse que queria ficar famoso, porque tem um canal no Youtube. Entramos em contato com a v\u00edtima que estava abalad\u00edssima e trouxemos o suspeito para a delegacia. Disse que queria ficar famoso, vai estar agora\u201d, disse a policial, rindo da situa\u00e7\u00e3o.<\/p>\n<p>Ao chegar na delegacia, o jovem ficou feliz ao ver o rep\u00f3rter \u00c1guia da TV Arapuan e confirmou a informa\u00e7\u00e3o da pol\u00edcia. \u201cT\u00f4 ficando famoso agora, t\u00f4 na televis\u00e3o\u201d, disse enquanto era encaminhado para a carceragem.<\/p>\n<\/div>\n<\/div>\n<p>&nbsp;<\/p>\n<p>Portal Para\u00edba<\/p>\n","protected":false},"excerpt":{"rendered":"<p>Na noite dessa quarta-feira (21), um jovem praticou um assalto e, momentos depois, se entregou \u00e0 Pol\u00edcia Militar, alegando que \u201cqueria ficar famoso\u201d. Segundo a&hellip; <\/p>\n","protected":false},"author":6,"featured_media":256767,"comment_status":"closed","ping_status":"closed","sticky":false,"template":"","format":"standard","meta":{"sfsi_plus_gutenberg_text_before_share":"","sfsi_plus_gutenberg_show_text_before_share":"","sfsi_plus_gutenberg_icon_type":"","sfsi_plus_gutenberg_icon_alignemt":"","sfsi_plus_gutenburg_max_per_row":"","footnotes":""},"categories":[104],"tags":[],"class_list":["post-256766","post","type-post","status-publish","format-standard","has-post-thumbnail","hentry","category-paraiba"],"_links":{"self":[{"href":"https:\/\/www.caririemacao.com\/1\/wp-json\/wp\/v2\/posts\/256766","targetHints":{"allow":["GET"]}}],"collection":[{"href":"https:\/\/www.caririemacao.com\/1\/wp-json\/wp\/v2\/posts"}],"about":[{"href":"https:\/\/www.caririemacao.com\/1\/wp-json\/wp\/v2\/types\/post"}],"author":[{"embeddable":true,"href":"https:\/\/www.caririemacao.com\/1\/wp-json\/wp\/v2\/users\/6"}],"replies":[{"embeddable":true,"href":"https:\/\/www.caririemacao.com\/1\/wp-json\/wp\/v2\/comments?post=256766"}],"version-history":[{"count":1,"href":"https:\/\/www.caririemacao.com\/1\/wp-json\/wp\/v2\/posts\/256766\/revisions"}],"predecessor-version":[{"id":256768,"href":"https:\/\/www.caririemacao.com\/1\/wp-json\/wp\/v2\/posts\/256766\/revisions\/256768"}],"wp:featuredmedia":[{"embeddable":true,"href":"https:\/\/www.caririemacao.com\/1\/wp-json\/wp\/v2\/media\/256767"}],"wp:attachment":[{"href":"https:\/\/www.caririemacao.com\/1\/wp-json\/wp\/v2\/media?parent=256766"}],"wp:term":[{"taxonomy":"category","embeddable":true,"href":"https:\/\/www.caririemacao.com\/1\/wp-json\/wp\/v2\/categories?post=256766"},{"taxonomy":"post_tag","embeddable":true,"href":"https:\/\/www.caririemacao.com\/1\/wp-json\/wp\/v2\/tags?post=256766"}],"curies":[{"name":"wp","href":"https:\/\/api.w.org\/{rel}","templated":true}]}}