{"id":256769,"date":"2022-09-22T13:42:13","date_gmt":"2022-09-22T16:42:13","guid":{"rendered":"https:\/\/www.caririemacao.com\/1\/?p=256769"},"modified":"2022-09-22T13:42:13","modified_gmt":"2022-09-22T16:42:13","slug":"prefeito-de-camalau-comemora-inicio-das-obras-da-nova-iluminacao-do-estadio-municipal-de-futebol-o-adelmao","status":"publish","type":"post","link":"https:\/\/www.caririemacao.com\/1\/2022\/09\/22\/prefeito-de-camalau-comemora-inicio-das-obras-da-nova-iluminacao-do-estadio-municipal-de-futebol-o-adelmao\/","title":{"rendered":"Prefeito de Camala\u00fa comemora in\u00edcio das obras da nova ilumina\u00e7\u00e3o do est\u00e1dio municipal de futebol \u2018O Adelm\u00e3o\u2019"},"content":{"rendered":"<p>A Prefeitura de Camala\u00fa, na gest\u00e3o do prefeito Bira Mariano, iniciou na manh\u00e3 desta quinta-feira (22), as obras da nova ilumina\u00e7\u00e3o do est\u00e1dio municipal &#8216;O Adelm\u00e3o&#8217;. De acordo com o cronograma a obra est\u00e1 pronta dentro de uma semana.<\/p>\n<p>O prefeito comemorou o in\u00edcio da obra e afirmou que o est\u00e1dio ter\u00e1 uma amplia\u00e7\u00e3o de sua ilumina\u00e7\u00e3o.<\/p>\n<p>\u201cO est\u00e1dio hoje conta com quatro postes, e passar\u00e1 a ter seis postes, com seis pain\u00e9is de led. \u00c9 uma obra com recursos pr\u00f3prios, e custar\u00e1 em torno de R$ 80 mil reais. Agora os nossos desportistas e amantes do futebol em nosso munic\u00edpio, poder\u00e3o praticar o esporte no per\u00edodo noturno, gra\u00e7as a uma a\u00e7\u00e3o de nossa gest\u00e3o,\u201d disse.<\/p>\n<p><img decoding=\"async\" data-src=\"https:\/\/scontent.fcau26-1.fna.fbcdn.net\/v\/t1.15752-9\/308107589_800178507993502_8974300511338171140_n.jpg?_nc_cat=108&amp;ccb=1-7&amp;_nc_sid=ae9488&amp;_nc_ohc=K1-BJiL3SCcAX-oRZJx&amp;_nc_ht=scontent.fcau26-1.fna&amp;oh=03_AVIUMMowZ6JgHJ5JNWOdkgbluvPooX-qUkNR7IPMhvj8zg&amp;oe=635175BE\" alt=\"Nenhuma descri\u00e7\u00e3o dispon\u00edvel.\" src=\"data:image\/svg+xml;base64,PHN2ZyB3aWR0aD0iMSIgaGVpZ2h0PSIxIiB4bWxucz0iaHR0cDovL3d3dy53My5vcmcvMjAwMC9zdmciPjwvc3ZnPg==\" class=\"lazyload\" \/><\/p>\n<p><img decoding=\"async\" data-src=\"https:\/\/scontent.fcau26-1.fna.fbcdn.net\/v\/t1.15752-9\/307846625_502487235002720_1673871469262647873_n.jpg?_nc_cat=101&amp;ccb=1-7&amp;_nc_sid=ae9488&amp;_nc_ohc=uLT4Ggw228kAX-l-Phv&amp;_nc_oc=AQkqnXolYG8og2rY6L0PXzf_hTTaGC6o4DVbOE-LjTKNthidppMYdHpS-dXqzj8gQek&amp;_nc_ht=scontent.fcau26-1.fna&amp;oh=03_AVLLfXPDtQP0Lv1EWn8Lk-py7xv5q9KGLMtaQggOIUB90Q&amp;oe=6350F380\" alt=\"Nenhuma descri\u00e7\u00e3o dispon\u00edvel.\" src=\"data:image\/svg+xml;base64,PHN2ZyB3aWR0aD0iMSIgaGVpZ2h0PSIxIiB4bWxucz0iaHR0cDovL3d3dy53My5vcmcvMjAwMC9zdmciPjwvc3ZnPg==\" class=\"lazyload\" \/><\/p>\n<p>&nbsp;<\/p>\n","protected":false},"excerpt":{"rendered":"<p>A Prefeitura de Camala\u00fa, na gest\u00e3o do prefeito Bira Mariano, iniciou na manh\u00e3 desta quinta-feira (22), as obras da nova ilumina\u00e7\u00e3o do est\u00e1dio municipal &#8216;O&hellip; <\/p>\n","protected":false},"author":6,"featured_media":256772,"comment_status":"closed","ping_status":"closed","sticky":false,"template":"","format":"standard","meta":{"sfsi_plus_gutenberg_text_before_share":"","sfsi_plus_gutenberg_show_text_before_share":"","sfsi_plus_gutenberg_icon_type":"","sfsi_plus_gutenberg_icon_alignemt":"","sfsi_plus_gutenburg_max_per_row":"","footnotes":""},"categories":[71],"tags":[],"class_list":["post-256769","post","type-post","status-publish","format-standard","has-post-thumbnail","hentry","category-camalau"],"_links":{"self":[{"href":"https:\/\/www.caririemacao.com\/1\/wp-json\/wp\/v2\/posts\/256769","targetHints":{"allow":["GET"]}}],"collection":[{"href":"https:\/\/www.caririemacao.com\/1\/wp-json\/wp\/v2\/posts"}],"about":[{"href":"https:\/\/www.caririemacao.com\/1\/wp-json\/wp\/v2\/types\/post"}],"author":[{"embeddable":true,"href":"https:\/\/www.caririemacao.com\/1\/wp-json\/wp\/v2\/users\/6"}],"replies":[{"embeddable":true,"href":"https:\/\/www.caririemacao.com\/1\/wp-json\/wp\/v2\/comments?post=256769"}],"version-history":[{"count":2,"href":"https:\/\/www.caririemacao.com\/1\/wp-json\/wp\/v2\/posts\/256769\/revisions"}],"predecessor-version":[{"id":256773,"href":"https:\/\/www.caririemacao.com\/1\/wp-json\/wp\/v2\/posts\/256769\/revisions\/256773"}],"wp:featuredmedia":[{"embeddable":true,"href":"https:\/\/www.caririemacao.com\/1\/wp-json\/wp\/v2\/media\/256772"}],"wp:attachment":[{"href":"https:\/\/www.caririemacao.com\/1\/wp-json\/wp\/v2\/media?parent=256769"}],"wp:term":[{"taxonomy":"category","embeddable":true,"href":"https:\/\/www.caririemacao.com\/1\/wp-json\/wp\/v2\/categories?post=256769"},{"taxonomy":"post_tag","embeddable":true,"href":"https:\/\/www.caririemacao.com\/1\/wp-json\/wp\/v2\/tags?post=256769"}],"curies":[{"name":"wp","href":"https:\/\/api.w.org\/{rel}","templated":true}]}}