{"id":256792,"date":"2022-09-22T20:06:38","date_gmt":"2022-09-22T23:06:38","guid":{"rendered":"https:\/\/www.caririemacao.com\/1\/?p=256792"},"modified":"2022-09-22T20:06:38","modified_gmt":"2022-09-22T23:06:38","slug":"pesquisa-ipec-veja-intencoes-de-voto-para-o-governo-do-estado-no-segundo-turno","status":"publish","type":"post","link":"https:\/\/www.caririemacao.com\/1\/2022\/09\/22\/pesquisa-ipec-veja-intencoes-de-voto-para-o-governo-do-estado-no-segundo-turno\/","title":{"rendered":"Pesquisa Ipec: veja inten\u00e7\u00f5es de voto para o Governo do Estado no segundo turno"},"content":{"rendered":"<p>A segunda pesquisa Ipec (Intelig\u00eancia em Pesquisa e Consultoria LTDA), divulgada hoje, trouxe um novo recorte da corrida eleitoral na Para\u00edba para o Governo do Estado. A sondagem perguntou aos paraibanos sobre um eventual segundo turno e fez simula\u00e7\u00f5es com os quatro candidatos mais bem posicionados em termos de inten\u00e7\u00f5es de voto.<\/p>\n<p>O instituto quis saber em quem os entrevistados votariam se o segundo turno fosse disputado entre o candidato \u00e0 reelei\u00e7\u00e3o, Jo\u00e3o Azev\u00eado (PSB), e o candidato Pedro Cunha Lima, do PSDB. O resultado foi o seguinte: 44% afirmaram que votariam em Jo\u00e3o Azev\u00eado, enquanto 36% disseram votar em Pedro Cunha Lima.<\/p>\n<p>Dos entrevistados, 5% disseram que n\u00e3o sabiam ou preferiam n\u00e3o opinar e 16% afirmaram que votariam branco ou nulo.<\/p>\n<p><img fetchpriority=\"high\" decoding=\"async\" class=\"aligncenter wp-image-439132 size-full lazyloaded\" src=\"https:\/\/i0.wp.com\/jornaldaparaiba.com.br\/wp-content\/uploads\/2022\/09\/segundo-turno.png?resize=715%2C327&amp;ssl=1\" sizes=\"(max-width: 715px) 100vw, 715px\" srcset=\"https:\/\/i0.wp.com\/jornaldaparaiba.com.br\/wp-content\/uploads\/2022\/09\/segundo-turno.png?resize=715%2C327&amp;ssl=1 715w, https:\/\/jornaldaparaiba.com.br\/wp-content\/uploads\/2022\/09\/segundo-turno-480x220.png 480w, https:\/\/jornaldaparaiba.com.br\/wp-content\/uploads\/2022\/09\/segundo-turno-40x18.png 40w, https:\/\/jornaldaparaiba.com.br\/wp-content\/uploads\/2022\/09\/segundo-turno-55x25.png 55w, https:\/\/jornaldaparaiba.com.br\/wp-content\/uploads\/2022\/09\/segundo-turno-100x46.png 100w\" alt=\"\" width=\"715\" height=\"327\" data-srcset=\"https:\/\/i0.wp.com\/jornaldaparaiba.com.br\/wp-content\/uploads\/2022\/09\/segundo-turno.png?resize=715%2C327&amp;ssl=1 715w, https:\/\/jornaldaparaiba.com.br\/wp-content\/uploads\/2022\/09\/segundo-turno-480x220.png 480w, https:\/\/jornaldaparaiba.com.br\/wp-content\/uploads\/2022\/09\/segundo-turno-40x18.png 40w, https:\/\/jornaldaparaiba.com.br\/wp-content\/uploads\/2022\/09\/segundo-turno-55x25.png 55w, https:\/\/jornaldaparaiba.com.br\/wp-content\/uploads\/2022\/09\/segundo-turno-100x46.png 100w\" data-src=\"https:\/\/i0.wp.com\/jornaldaparaiba.com.br\/wp-content\/uploads\/2022\/09\/segundo-turno.png?resize=715%2C327&amp;ssl=1\" data-sizes=\"(max-width: 715px) 100vw, 715px\" \/><\/p>\n<p>J\u00e1 em um eventual segundo turno entre Jo\u00e3o Azev\u00eado e o candidato Nilvan Ferreira, do PL, 54% dos entrevistados disseram que votariam em Jo\u00e3o Azev\u00eado, enquanto 26% afirmaram que votariam em Nilvan Ferreira.<\/p>\n<p>Dos entrevistados, 5% disseram que n\u00e3o sabiam ou preferiam n\u00e3o opinar e 16% afirmaram que votariam branco ou nulo.<\/p>\n<p>Em outro cen\u00e1rio, com os candidatos Jo\u00e3o Azev\u00eado e Veneziano Vital (MDB), 49% dos ouvidos pelo instituto dizem que votariam em Jo\u00e3o Azev\u00eado, enquanto 29% afirmaram que votariam em Veneziano Vital.<\/p>\n<p>Dos entrevistados, 5% disseram que n\u00e3o sabiam ou preferiam n\u00e3o opinar e 17% afirmaram que votariam branco ou nulo.<\/p>\n<p><img decoding=\"async\" class=\"aligncenter wp-image-439132 size-full ls-is-cached lazyloaded\" src=\"https:\/\/i0.wp.com\/jornaldaparaiba.com.br\/wp-content\/uploads\/2022\/09\/segundo-turno.png?resize=715%2C327&amp;ssl=1\" sizes=\"(max-width: 715px) 100vw, 715px\" srcset=\"https:\/\/i0.wp.com\/jornaldaparaiba.com.br\/wp-content\/uploads\/2022\/09\/segundo-turno.png?resize=715%2C327&amp;ssl=1 715w, https:\/\/jornaldaparaiba.com.br\/wp-content\/uploads\/2022\/09\/segundo-turno-480x220.png 480w, https:\/\/jornaldaparaiba.com.br\/wp-content\/uploads\/2022\/09\/segundo-turno-40x18.png 40w, https:\/\/jornaldaparaiba.com.br\/wp-content\/uploads\/2022\/09\/segundo-turno-55x25.png 55w, https:\/\/jornaldaparaiba.com.br\/wp-content\/uploads\/2022\/09\/segundo-turno-100x46.png 100w\" alt=\"\" width=\"715\" height=\"327\" data-srcset=\"https:\/\/i0.wp.com\/jornaldaparaiba.com.br\/wp-content\/uploads\/2022\/09\/segundo-turno.png?resize=715%2C327&amp;ssl=1 715w, https:\/\/jornaldaparaiba.com.br\/wp-content\/uploads\/2022\/09\/segundo-turno-480x220.png 480w, https:\/\/jornaldaparaiba.com.br\/wp-content\/uploads\/2022\/09\/segundo-turno-40x18.png 40w, https:\/\/jornaldaparaiba.com.br\/wp-content\/uploads\/2022\/09\/segundo-turno-55x25.png 55w, https:\/\/jornaldaparaiba.com.br\/wp-content\/uploads\/2022\/09\/segundo-turno-100x46.png 100w\" data-src=\"https:\/\/i0.wp.com\/jornaldaparaiba.com.br\/wp-content\/uploads\/2022\/09\/segundo-turno.png?resize=715%2C327&amp;ssl=1\" data-sizes=\"(max-width: 715px) 100vw, 715px\" \/><\/p>\n<p>O Ipec tamb\u00e9m simulou cen\u00e1rios de disputa de um segundo turno entre os candidatos Pedro Cunha Lima e Nilvan Ferreira. Os dados foram os seguintes: Pedro Cunha Lima aparece com 45% das inten\u00e7\u00f5es de voto, enquanto Nilvan Ferreira obteve 26%.<\/p>\n<p>Dos entrevistados, 6% disseram que n\u00e3o sabiam ou preferiam n\u00e3o opinar e 24% afirmaram que votariam branco ou nulo.<\/p>\n<p>Quando os candidatos mencionados pelo Ipec em um segundo turno foram Pedro Cunha Lima e Veneziano Vital, 41% dos entrevistados disseram que votariam em Pedro Cunha Lima, enquanto 32% afirmam que votariam em Veneziano Vital.<\/p>\n<p>Dos entrevistados, 7% disseram que n\u00e3o sabiam ou preferiam n\u00e3o opinar e 21% afirmaram que votariam branco ou nulo.<\/p>\n<p><img decoding=\"async\" class=\"aligncenter wp-image-439132 size-full ls-is-cached lazyloaded\" src=\"https:\/\/i0.wp.com\/jornaldaparaiba.com.br\/wp-content\/uploads\/2022\/09\/segundo-turno.png?resize=715%2C327&amp;ssl=1\" sizes=\"(max-width: 715px) 100vw, 715px\" srcset=\"https:\/\/i0.wp.com\/jornaldaparaiba.com.br\/wp-content\/uploads\/2022\/09\/segundo-turno.png?resize=715%2C327&amp;ssl=1 715w, https:\/\/jornaldaparaiba.com.br\/wp-content\/uploads\/2022\/09\/segundo-turno-480x220.png 480w, https:\/\/jornaldaparaiba.com.br\/wp-content\/uploads\/2022\/09\/segundo-turno-40x18.png 40w, https:\/\/jornaldaparaiba.com.br\/wp-content\/uploads\/2022\/09\/segundo-turno-55x25.png 55w, https:\/\/jornaldaparaiba.com.br\/wp-content\/uploads\/2022\/09\/segundo-turno-100x46.png 100w\" alt=\"\" width=\"715\" height=\"327\" data-srcset=\"https:\/\/i0.wp.com\/jornaldaparaiba.com.br\/wp-content\/uploads\/2022\/09\/segundo-turno.png?resize=715%2C327&amp;ssl=1 715w, https:\/\/jornaldaparaiba.com.br\/wp-content\/uploads\/2022\/09\/segundo-turno-480x220.png 480w, https:\/\/jornaldaparaiba.com.br\/wp-content\/uploads\/2022\/09\/segundo-turno-40x18.png 40w, https:\/\/jornaldaparaiba.com.br\/wp-content\/uploads\/2022\/09\/segundo-turno-55x25.png 55w, https:\/\/jornaldaparaiba.com.br\/wp-content\/uploads\/2022\/09\/segundo-turno-100x46.png 100w\" data-src=\"https:\/\/i0.wp.com\/jornaldaparaiba.com.br\/wp-content\/uploads\/2022\/09\/segundo-turno.png?resize=715%2C327&amp;ssl=1\" data-sizes=\"(max-width: 715px) 100vw, 715px\" \/><\/p>\n<p>J\u00e1 na simula\u00e7\u00e3o entre um segundo turno entre Veneziano Vital e Nilvan Ferreira, 42% dos ouvidos pelo Ipec afirmaram que votariam em Veneziano Vital, enquanto 28% dizem que votariam em Nilvan Ferreira.<\/p>\n<p>Dos entrevistados, 7% disseram que n\u00e3o sabiam ou preferiam n\u00e3o opinar e 23% afirmaram que votariam branco ou nulo.<\/p>\n<p><strong>Dados da pesquisa<\/strong><\/p>\n<p>A pesquisa foi realizada entre os dias 19 e 21 de setembro de 2022. Foram entrevistados 800 paraibanos em 37 munic\u00edpios. A margem de erro estimada \u00e9 de 3 (tr\u00eas) pontos percentuais para mais ou para menos sobre os resultados encontrados no total da amostra.<\/p>\n<p>O n\u00edvel de confian\u00e7a utilizado \u00e9 de 95%. Isso quer dizer que h\u00e1 uma probabilidade de 95% de os resultados retratarem o atual momento eleitoral.<\/p>\n<p>A pesquisa foi contratada pela TV Cabo Branco e foi\u00a0registrada no Tribunal Regional Eleitoral da Para\u00edba sob o protocolo N\u00ba PB01979\/2022 e no Tribunal Superior Eleitoral sob o protocolo N\u00ba BR-03015\/2022.<\/p>\n<p>&nbsp;<\/p>\n<p>&nbsp;<\/p>\n<p>Com Jornal da Para\u00edba<\/p>\n","protected":false},"excerpt":{"rendered":"<p>A segunda pesquisa Ipec (Intelig\u00eancia em Pesquisa e Consultoria LTDA), divulgada hoje, trouxe um novo recorte da corrida eleitoral na Para\u00edba para o Governo do&hellip; <\/p>\n","protected":false},"author":6,"featured_media":256793,"comment_status":"closed","ping_status":"closed","sticky":false,"template":"","format":"standard","meta":{"sfsi_plus_gutenberg_text_before_share":"","sfsi_plus_gutenberg_show_text_before_share":"","sfsi_plus_gutenberg_icon_type":"","sfsi_plus_gutenberg_icon_alignemt":"","sfsi_plus_gutenburg_max_per_row":"","footnotes":""},"categories":[104],"tags":[],"class_list":["post-256792","post","type-post","status-publish","format-standard","has-post-thumbnail","hentry","category-paraiba"],"_links":{"self":[{"href":"https:\/\/www.caririemacao.com\/1\/wp-json\/wp\/v2\/posts\/256792","targetHints":{"allow":["GET"]}}],"collection":[{"href":"https:\/\/www.caririemacao.com\/1\/wp-json\/wp\/v2\/posts"}],"about":[{"href":"https:\/\/www.caririemacao.com\/1\/wp-json\/wp\/v2\/types\/post"}],"author":[{"embeddable":true,"href":"https:\/\/www.caririemacao.com\/1\/wp-json\/wp\/v2\/users\/6"}],"replies":[{"embeddable":true,"href":"https:\/\/www.caririemacao.com\/1\/wp-json\/wp\/v2\/comments?post=256792"}],"version-history":[{"count":1,"href":"https:\/\/www.caririemacao.com\/1\/wp-json\/wp\/v2\/posts\/256792\/revisions"}],"predecessor-version":[{"id":256794,"href":"https:\/\/www.caririemacao.com\/1\/wp-json\/wp\/v2\/posts\/256792\/revisions\/256794"}],"wp:featuredmedia":[{"embeddable":true,"href":"https:\/\/www.caririemacao.com\/1\/wp-json\/wp\/v2\/media\/256793"}],"wp:attachment":[{"href":"https:\/\/www.caririemacao.com\/1\/wp-json\/wp\/v2\/media?parent=256792"}],"wp:term":[{"taxonomy":"category","embeddable":true,"href":"https:\/\/www.caririemacao.com\/1\/wp-json\/wp\/v2\/categories?post=256792"},{"taxonomy":"post_tag","embeddable":true,"href":"https:\/\/www.caririemacao.com\/1\/wp-json\/wp\/v2\/tags?post=256792"}],"curies":[{"name":"wp","href":"https:\/\/api.w.org\/{rel}","templated":true}]}}