{"id":257077,"date":"2022-09-27T14:31:57","date_gmt":"2022-09-27T17:31:57","guid":{"rendered":"https:\/\/www.caririemacao.com\/1\/?p=257077"},"modified":"2022-09-27T14:31:57","modified_gmt":"2022-09-27T17:31:57","slug":"prefeitura-de-monteiro-inicia-pagamento-de-salario-do-mes-de-setembro-nesta-quarta-feira","status":"publish","type":"post","link":"https:\/\/www.caririemacao.com\/1\/2022\/09\/27\/prefeitura-de-monteiro-inicia-pagamento-de-salario-do-mes-de-setembro-nesta-quarta-feira\/","title":{"rendered":"Prefeitura de Monteiro inicia pagamento de sal\u00e1rio do m\u00eas de setembro nesta quarta-feira"},"content":{"rendered":"<p>A Prefeitura Municipal de Monteiro, atrav\u00e9s da Secretaria de Finan\u00e7as, confirmou a libera\u00e7\u00e3o dos recursos destinados ao pagamento dos sal\u00e1rios dos servidores municipais referente ao m\u00eas de setembro.<\/p>\n<p>Este m\u00eas a folha de pagamento, de acordo com a secret\u00e1ria de Finan\u00e7as, Rosilda Henrique, se inicia nesta quarta-feira, 28, com o cr\u00e9dito para inativos, pensionistas, Montran e Cendov.<\/p>\n<p>J\u00e1 na quinta-feira, 29, ser\u00e3o pagos os vencimentos dos funcion\u00e1rios lotados na Secretaria de Educa\u00e7\u00e3o e Desenvolvimento Social e finalizando o calend\u00e1rio, na sexta-feira, 30, recebem a Sa\u00fade e demais secretarias.<\/p>\n<p>A secret\u00e1ria Rosilda Henrique ainda informa que os aplicativos do banco est\u00e3o dispon\u00edveis para atendimentos como transfer\u00eancias e pagamentos, fornecendo maior comodidade \u00e0queles que n\u00e3o querem enfrentar filas na ag\u00eancia.<\/p>\n","protected":false},"excerpt":{"rendered":"<p>A Prefeitura Municipal de Monteiro, atrav\u00e9s da Secretaria de Finan\u00e7as, confirmou a libera\u00e7\u00e3o dos recursos destinados ao pagamento dos sal\u00e1rios dos servidores municipais referente ao&hellip; <\/p>\n","protected":false},"author":6,"featured_media":246414,"comment_status":"closed","ping_status":"closed","sticky":false,"template":"","format":"standard","meta":{"sfsi_plus_gutenberg_text_before_share":"","sfsi_plus_gutenberg_show_text_before_share":"","sfsi_plus_gutenberg_icon_type":"","sfsi_plus_gutenberg_icon_alignemt":"","sfsi_plus_gutenburg_max_per_row":"","footnotes":""},"categories":[81],"tags":[],"class_list":["post-257077","post","type-post","status-publish","format-standard","has-post-thumbnail","hentry","category-monteiro"],"_links":{"self":[{"href":"https:\/\/www.caririemacao.com\/1\/wp-json\/wp\/v2\/posts\/257077","targetHints":{"allow":["GET"]}}],"collection":[{"href":"https:\/\/www.caririemacao.com\/1\/wp-json\/wp\/v2\/posts"}],"about":[{"href":"https:\/\/www.caririemacao.com\/1\/wp-json\/wp\/v2\/types\/post"}],"author":[{"embeddable":true,"href":"https:\/\/www.caririemacao.com\/1\/wp-json\/wp\/v2\/users\/6"}],"replies":[{"embeddable":true,"href":"https:\/\/www.caririemacao.com\/1\/wp-json\/wp\/v2\/comments?post=257077"}],"version-history":[{"count":1,"href":"https:\/\/www.caririemacao.com\/1\/wp-json\/wp\/v2\/posts\/257077\/revisions"}],"predecessor-version":[{"id":257078,"href":"https:\/\/www.caririemacao.com\/1\/wp-json\/wp\/v2\/posts\/257077\/revisions\/257078"}],"wp:featuredmedia":[{"embeddable":true,"href":"https:\/\/www.caririemacao.com\/1\/wp-json\/wp\/v2\/media\/246414"}],"wp:attachment":[{"href":"https:\/\/www.caririemacao.com\/1\/wp-json\/wp\/v2\/media?parent=257077"}],"wp:term":[{"taxonomy":"category","embeddable":true,"href":"https:\/\/www.caririemacao.com\/1\/wp-json\/wp\/v2\/categories?post=257077"},{"taxonomy":"post_tag","embeddable":true,"href":"https:\/\/www.caririemacao.com\/1\/wp-json\/wp\/v2\/tags?post=257077"}],"curies":[{"name":"wp","href":"https:\/\/api.w.org\/{rel}","templated":true}]}}