{"id":257079,"date":"2022-09-27T17:38:05","date_gmt":"2022-09-27T20:38:05","guid":{"rendered":"https:\/\/www.caririemacao.com\/1\/?p=257079"},"modified":"2022-09-27T17:38:05","modified_gmt":"2022-09-27T20:38:05","slug":"mais-apoios-prefeita-de-pitimbu-adelma-cristovam-declara-apoio-a-ricardo-coutinho","status":"publish","type":"post","link":"https:\/\/www.caririemacao.com\/1\/2022\/09\/27\/mais-apoios-prefeita-de-pitimbu-adelma-cristovam-declara-apoio-a-ricardo-coutinho\/","title":{"rendered":"MAIS APOIOS: prefeita de Pitimbu, Adelma Cristovam, declara apoio a Ricardo Coutinho"},"content":{"rendered":"<p>O ex-governador da Para\u00edba e candidato ao Senado Federal, Ricardo Coutinho (PT), recebeu nesta ter\u00e7a-feira (27) o apoio da prefeita de Pitimbu, Adelma Cristovam, conhecida como Professora Ad\u00e9lia, do PDT.<\/p>\n<p>Durante reuni\u00e3o em Jo\u00e3o Pessoa, a prefeita refor\u00e7ou que quer estar ao lado do gestor que mais fez pela Para\u00edba.<\/p>\n<p>J\u00e1 nesta segunda-feira (26), Ricardo fez uma caminhada e discursou na pra\u00e7a Gerv\u00e1sio Maia, no Colinas do Sul, tamb\u00e9m em Jo\u00e3o Pessoa, na companhia da candidata a deputada federal, Estela Bezerra e das candidatas a deputada estadual M\u00e1rcia Lucena, Cida Ramos e Rafaela Camaraense.<\/p>\n<p>Durante discurso para os moradores, Ricardo ressaltou que Lula precisa de representantes de seu projeto no Congresso Nacional, para que o plano de retomada do desenvolvimento da na\u00e7\u00e3o possa ser concretizado. Por isso, segundo ele, o centr\u00e3o e os bolsonaristas da Para\u00edba se uniram para espalhar mentiras sobre a sua candidatura.<\/p>\n<p>\u201cEu pergunto a voc\u00eas, se eu n\u00e3o fosse candidato, eu estaria fazendo o que aqui? Se eu n\u00e3o fosse candidato n\u00e3o estaria aqui nas ruas, n\u00e3o estaria no guia eleitoral todos os dias. Meus advers\u00e1rios acham que o povo \u00e9 besta, s\u00f3 que no domingo, o povo vai vencer\u201d, ressaltou Ricardo.<\/p>\n","protected":false},"excerpt":{"rendered":"<p>O ex-governador da Para\u00edba e candidato ao Senado Federal, Ricardo Coutinho (PT), recebeu nesta ter\u00e7a-feira (27) o apoio da prefeita de Pitimbu, Adelma Cristovam, conhecida&hellip; <\/p>\n","protected":false},"author":6,"featured_media":257080,"comment_status":"closed","ping_status":"closed","sticky":false,"template":"","format":"standard","meta":{"sfsi_plus_gutenberg_text_before_share":"","sfsi_plus_gutenberg_show_text_before_share":"","sfsi_plus_gutenberg_icon_type":"","sfsi_plus_gutenberg_icon_alignemt":"","sfsi_plus_gutenburg_max_per_row":"","footnotes":""},"categories":[104],"tags":[],"class_list":["post-257079","post","type-post","status-publish","format-standard","has-post-thumbnail","hentry","category-paraiba"],"_links":{"self":[{"href":"https:\/\/www.caririemacao.com\/1\/wp-json\/wp\/v2\/posts\/257079","targetHints":{"allow":["GET"]}}],"collection":[{"href":"https:\/\/www.caririemacao.com\/1\/wp-json\/wp\/v2\/posts"}],"about":[{"href":"https:\/\/www.caririemacao.com\/1\/wp-json\/wp\/v2\/types\/post"}],"author":[{"embeddable":true,"href":"https:\/\/www.caririemacao.com\/1\/wp-json\/wp\/v2\/users\/6"}],"replies":[{"embeddable":true,"href":"https:\/\/www.caririemacao.com\/1\/wp-json\/wp\/v2\/comments?post=257079"}],"version-history":[{"count":1,"href":"https:\/\/www.caririemacao.com\/1\/wp-json\/wp\/v2\/posts\/257079\/revisions"}],"predecessor-version":[{"id":257081,"href":"https:\/\/www.caririemacao.com\/1\/wp-json\/wp\/v2\/posts\/257079\/revisions\/257081"}],"wp:featuredmedia":[{"embeddable":true,"href":"https:\/\/www.caririemacao.com\/1\/wp-json\/wp\/v2\/media\/257080"}],"wp:attachment":[{"href":"https:\/\/www.caririemacao.com\/1\/wp-json\/wp\/v2\/media?parent=257079"}],"wp:term":[{"taxonomy":"category","embeddable":true,"href":"https:\/\/www.caririemacao.com\/1\/wp-json\/wp\/v2\/categories?post=257079"},{"taxonomy":"post_tag","embeddable":true,"href":"https:\/\/www.caririemacao.com\/1\/wp-json\/wp\/v2\/tags?post=257079"}],"curies":[{"name":"wp","href":"https:\/\/api.w.org\/{rel}","templated":true}]}}