{"id":257082,"date":"2022-09-27T17:57:40","date_gmt":"2022-09-27T20:57:40","guid":{"rendered":"https:\/\/www.caririemacao.com\/1\/?p=257082"},"modified":"2022-09-27T17:57:40","modified_gmt":"2022-09-27T20:57:40","slug":"atleta-caririzeiro-se-classifica-para-competir-no-campeonato-nacional-de-luta-livre","status":"publish","type":"post","link":"https:\/\/www.caririemacao.com\/1\/2022\/09\/27\/atleta-caririzeiro-se-classifica-para-competir-no-campeonato-nacional-de-luta-livre\/","title":{"rendered":"Atleta caririzeiro se classifica para competir no Campeonato Nacional de Luta Livre"},"content":{"rendered":"<p>O atleta faixa preta no jud\u00f4, Luan Carvalho, natural da cidade de Sum\u00e9, no Cariri paraibano, foi classificado para competir no Campeonato nacional de Wrestling (Luta Livre). Ficando em terceiro lugar ranking nacional de wrestling nas categorias greco romano de at\u00e9 87 kg e tamb\u00e9m no estilo livre at\u00e9 86 kg.<\/p>\n<p>Ap\u00f3s os resultados, Luan Carvalho conquistou uma bolsa atleta ofertada pelo programa de bolsas do Governo Federal para esportistas com bons resultados nacionais, sendo mais um incentivo \u00e0 sua carreira.<\/p>\n<p>Em contato com a reportagem, Luan, comemorou o resultado alcan\u00e7ado e agradeceu a toda equipe pelo suporte e incentivo.<\/p>\n<p>&#8220;Esse resultado \u00e9 muito importante para nossa jornada, agrade\u00e7o a todos que nos apoiaram e contribu\u00edram para que esse resultado fosse conquistado com muito suor e determina\u00e7\u00e3o. Que essa conquista sirva de espelho e exemplo para todos os atletas e amantes deste grande esporte na regi\u00e3o do Cariri,&#8221; disse.<\/p>\n<p><img decoding=\"async\" data-src=\"https:\/\/scontent.fcau26-1.fna.fbcdn.net\/v\/t1.15752-9\/309570730_559283975993988_5407651928696847823_n.jpg?_nc_cat=101&amp;ccb=1-7&amp;_nc_sid=ae9488&amp;_nc_ohc=PcOm7Dsct8IAX_3x-wJ&amp;_nc_ht=scontent.fcau26-1.fna&amp;oh=03_AVKNlBLRQxz_P9aHnqLNMqrfguH_X2T-gPELtVw4cXqfsA&amp;oe=635957EC\" alt=\"Nenhuma descri\u00e7\u00e3o dispon\u00edvel.\" src=\"data:image\/svg+xml;base64,PHN2ZyB3aWR0aD0iMSIgaGVpZ2h0PSIxIiB4bWxucz0iaHR0cDovL3d3dy53My5vcmcvMjAwMC9zdmciPjwvc3ZnPg==\" class=\"lazyload\" \/><\/p>\n","protected":false},"excerpt":{"rendered":"<p>O atleta faixa preta no jud\u00f4, Luan Carvalho, natural da cidade de Sum\u00e9, no Cariri paraibano, foi classificado para competir no Campeonato nacional de Wrestling&hellip; <\/p>\n","protected":false},"author":6,"featured_media":257083,"comment_status":"closed","ping_status":"closed","sticky":false,"template":"","format":"standard","meta":{"sfsi_plus_gutenberg_text_before_share":"","sfsi_plus_gutenberg_show_text_before_share":"","sfsi_plus_gutenberg_icon_type":"","sfsi_plus_gutenberg_icon_alignemt":"","sfsi_plus_gutenburg_max_per_row":"","footnotes":""},"categories":[13],"tags":[],"class_list":["post-257082","post","type-post","status-publish","format-standard","has-post-thumbnail","hentry","category-esportes"],"_links":{"self":[{"href":"https:\/\/www.caririemacao.com\/1\/wp-json\/wp\/v2\/posts\/257082","targetHints":{"allow":["GET"]}}],"collection":[{"href":"https:\/\/www.caririemacao.com\/1\/wp-json\/wp\/v2\/posts"}],"about":[{"href":"https:\/\/www.caririemacao.com\/1\/wp-json\/wp\/v2\/types\/post"}],"author":[{"embeddable":true,"href":"https:\/\/www.caririemacao.com\/1\/wp-json\/wp\/v2\/users\/6"}],"replies":[{"embeddable":true,"href":"https:\/\/www.caririemacao.com\/1\/wp-json\/wp\/v2\/comments?post=257082"}],"version-history":[{"count":1,"href":"https:\/\/www.caririemacao.com\/1\/wp-json\/wp\/v2\/posts\/257082\/revisions"}],"predecessor-version":[{"id":257084,"href":"https:\/\/www.caririemacao.com\/1\/wp-json\/wp\/v2\/posts\/257082\/revisions\/257084"}],"wp:featuredmedia":[{"embeddable":true,"href":"https:\/\/www.caririemacao.com\/1\/wp-json\/wp\/v2\/media\/257083"}],"wp:attachment":[{"href":"https:\/\/www.caririemacao.com\/1\/wp-json\/wp\/v2\/media?parent=257082"}],"wp:term":[{"taxonomy":"category","embeddable":true,"href":"https:\/\/www.caririemacao.com\/1\/wp-json\/wp\/v2\/categories?post=257082"},{"taxonomy":"post_tag","embeddable":true,"href":"https:\/\/www.caririemacao.com\/1\/wp-json\/wp\/v2\/tags?post=257082"}],"curies":[{"name":"wp","href":"https:\/\/api.w.org\/{rel}","templated":true}]}}