{"id":257085,"date":"2022-09-27T18:07:58","date_gmt":"2022-09-27T21:07:58","guid":{"rendered":"https:\/\/www.caririemacao.com\/1\/?p=257085"},"modified":"2022-09-27T18:07:58","modified_gmt":"2022-09-27T21:07:58","slug":"em-entrevista-a-tv-arapuan-de-joao-pessoa-dr-ramonilson-reafirma-compromisso-em-lutar-por-mais-oportunidades-de-trabalho-no-sertao-e-cariri-da-paraiba","status":"publish","type":"post","link":"https:\/\/www.caririemacao.com\/1\/2022\/09\/27\/em-entrevista-a-tv-arapuan-de-joao-pessoa-dr-ramonilson-reafirma-compromisso-em-lutar-por-mais-oportunidades-de-trabalho-no-sertao-e-cariri-da-paraiba\/","title":{"rendered":"Em entrevista \u00e0 TV Arapuan de Jo\u00e3o Pessoa, Dr. Ramonilson reafirma compromisso em lutar por mais oportunidades de trabalho no Sert\u00e3o e Cariri da Para\u00edba"},"content":{"rendered":"<p>Em entrevista \u00e0 TV Arapuan, na tarde desta segunda-feira, 26 de setembro, Dr. Ramonilson reafirmou o compromisso lutar por mais oportunidades de trabalho nas regi\u00f5es do Cariri e Sert\u00e3o da Para\u00edba.<\/p>\n<p>Durante o bate papo com o jornalista Luis Torres, o referido juiz aposentado defendeu a interioriza\u00e7\u00e3o de empresas e incentivo ao empreendedorismo, destacando o potencial do cal\u00e7ado na cidade de Patos, a pimenta de Quixaba, a agricultura familiar do Sabugi e o ecoturismo do Pico do Jabre.<\/p>\n<p>\u201c\u00c9 preponderante que o Governo do Estado possa atender com equidade o nosso Cariri e Sert\u00e3o. Nesse sentido, meu compromisso \u00e9 reivindicar por mais incentivos fiscais com vistas a gerar oportunidades para os nossos jovens. Estou atento \u00e0s demandas de nossa gente\u201d, concluiu.<\/p>\n","protected":false},"excerpt":{"rendered":"<p>Em entrevista \u00e0 TV Arapuan, na tarde desta segunda-feira, 26 de setembro, Dr. Ramonilson reafirmou o compromisso lutar por mais oportunidades de trabalho nas regi\u00f5es&hellip; <\/p>\n","protected":false},"author":6,"featured_media":257086,"comment_status":"closed","ping_status":"closed","sticky":false,"template":"","format":"standard","meta":{"sfsi_plus_gutenberg_text_before_share":"","sfsi_plus_gutenberg_show_text_before_share":"","sfsi_plus_gutenberg_icon_type":"","sfsi_plus_gutenberg_icon_alignemt":"","sfsi_plus_gutenburg_max_per_row":"","footnotes":""},"categories":[104],"tags":[],"class_list":["post-257085","post","type-post","status-publish","format-standard","has-post-thumbnail","hentry","category-paraiba"],"_links":{"self":[{"href":"https:\/\/www.caririemacao.com\/1\/wp-json\/wp\/v2\/posts\/257085","targetHints":{"allow":["GET"]}}],"collection":[{"href":"https:\/\/www.caririemacao.com\/1\/wp-json\/wp\/v2\/posts"}],"about":[{"href":"https:\/\/www.caririemacao.com\/1\/wp-json\/wp\/v2\/types\/post"}],"author":[{"embeddable":true,"href":"https:\/\/www.caririemacao.com\/1\/wp-json\/wp\/v2\/users\/6"}],"replies":[{"embeddable":true,"href":"https:\/\/www.caririemacao.com\/1\/wp-json\/wp\/v2\/comments?post=257085"}],"version-history":[{"count":1,"href":"https:\/\/www.caririemacao.com\/1\/wp-json\/wp\/v2\/posts\/257085\/revisions"}],"predecessor-version":[{"id":257087,"href":"https:\/\/www.caririemacao.com\/1\/wp-json\/wp\/v2\/posts\/257085\/revisions\/257087"}],"wp:featuredmedia":[{"embeddable":true,"href":"https:\/\/www.caririemacao.com\/1\/wp-json\/wp\/v2\/media\/257086"}],"wp:attachment":[{"href":"https:\/\/www.caririemacao.com\/1\/wp-json\/wp\/v2\/media?parent=257085"}],"wp:term":[{"taxonomy":"category","embeddable":true,"href":"https:\/\/www.caririemacao.com\/1\/wp-json\/wp\/v2\/categories?post=257085"},{"taxonomy":"post_tag","embeddable":true,"href":"https:\/\/www.caririemacao.com\/1\/wp-json\/wp\/v2\/tags?post=257085"}],"curies":[{"name":"wp","href":"https:\/\/api.w.org\/{rel}","templated":true}]}}