{"id":257091,"date":"2022-09-28T07:28:25","date_gmt":"2022-09-28T10:28:25","guid":{"rendered":"https:\/\/www.caririemacao.com\/1\/?p=257091"},"modified":"2022-09-28T07:28:25","modified_gmt":"2022-09-28T10:28:25","slug":"candidatos-do-prouni-tem-ate-hoje-para-se-inscrever-na-lista-de-espera","status":"publish","type":"post","link":"https:\/\/www.caririemacao.com\/1\/2022\/09\/28\/candidatos-do-prouni-tem-ate-hoje-para-se-inscrever-na-lista-de-espera\/","title":{"rendered":"Candidatos do Prouni t\u00eam at\u00e9 hoje para se inscrever na lista de espera"},"content":{"rendered":"<h3 class=\"col-10 offset-1 animated fadeInDown dealy-900 display-8 display-md-8 alt-font font-italic my-1 text-center\"><em>Resultado da lista de espera ser\u00e1 divulgado no dia 3 de outubro<\/em><\/h3>\n<p>O Programa Universidade para Todos (Prouni) encerra hoje (28) as inscri\u00e7\u00f5es na lista de espera\u00a0para\u00a0candidatos que n\u00e3o foram pr\u00e9-selecionados em nenhuma das duas chamadas do programa. Para se inscrever na lista, \u00e9 preciso acessar a p\u00e1gina do\u00a0<a href=\"https:\/\/acessounico.mec.gov.br\/acesso-unico\" target=\"_blank\" rel=\"noopener\">Portal \u00danico<\/a>\u00a0de Acesso ao Ensino Superior do Minist\u00e9rio da Educa\u00e7\u00e3o (MEC).<img decoding=\"async\" data-src=\"https:\/\/agenciabrasil.ebc.com.br\/ebc.png?id=1484687&amp;o=node\" src=\"data:image\/svg+xml;base64,PHN2ZyB3aWR0aD0iMSIgaGVpZ2h0PSIxIiB4bWxucz0iaHR0cDovL3d3dy53My5vcmcvMjAwMC9zdmciPjwvc3ZnPg==\" class=\"lazyload\" \/><img decoding=\"async\" data-src=\"https:\/\/agenciabrasil.ebc.com.br\/ebc.gif?id=1484687&amp;o=node\" src=\"data:image\/svg+xml;base64,PHN2ZyB3aWR0aD0iMSIgaGVpZ2h0PSIxIiB4bWxucz0iaHR0cDovL3d3dy53My5vcmcvMjAwMC9zdmciPjwvc3ZnPg==\" class=\"lazyload\" \/><\/p>\n<p>O resultado da lista de espera ser\u00e1 divulgado no dia 3 de outubro. Os selecionados nesta fase precisar\u00e3o comprovar suas informa\u00e7\u00f5es de 3 a 7 de outubro.<\/p>\n<p>O Prouni concede bolsas de estudo integrais e parciais em cursos de gradua\u00e7\u00e3o e sequenciais de forma\u00e7\u00e3o espec\u00edfica, em institui\u00e7\u00f5es de educa\u00e7\u00e3o superior privadas. \u201cO Programa conta com um sistema de sele\u00e7\u00e3o informatizado e impessoal, que confere transpar\u00eancia e seguran\u00e7a ao processo\u201d, informa o minist\u00e9rio.<\/p>\n<p>FONTE: Ag\u00eancia Brasil<\/p>\n","protected":false},"excerpt":{"rendered":"<p>Resultado da lista de espera ser\u00e1 divulgado no dia 3 de outubro O Programa Universidade para Todos (Prouni) encerra hoje (28) as inscri\u00e7\u00f5es na lista&hellip; <\/p>\n","protected":false},"author":6,"featured_media":257092,"comment_status":"closed","ping_status":"closed","sticky":false,"template":"","format":"standard","meta":{"sfsi_plus_gutenberg_text_before_share":"","sfsi_plus_gutenberg_show_text_before_share":"","sfsi_plus_gutenberg_icon_type":"","sfsi_plus_gutenberg_icon_alignemt":"","sfsi_plus_gutenburg_max_per_row":"","footnotes":""},"categories":[50,2],"tags":[],"class_list":["post-257091","post","type-post","status-publish","format-standard","has-post-thumbnail","hentry","category-destaque","category-geral"],"_links":{"self":[{"href":"https:\/\/www.caririemacao.com\/1\/wp-json\/wp\/v2\/posts\/257091","targetHints":{"allow":["GET"]}}],"collection":[{"href":"https:\/\/www.caririemacao.com\/1\/wp-json\/wp\/v2\/posts"}],"about":[{"href":"https:\/\/www.caririemacao.com\/1\/wp-json\/wp\/v2\/types\/post"}],"author":[{"embeddable":true,"href":"https:\/\/www.caririemacao.com\/1\/wp-json\/wp\/v2\/users\/6"}],"replies":[{"embeddable":true,"href":"https:\/\/www.caririemacao.com\/1\/wp-json\/wp\/v2\/comments?post=257091"}],"version-history":[{"count":1,"href":"https:\/\/www.caririemacao.com\/1\/wp-json\/wp\/v2\/posts\/257091\/revisions"}],"predecessor-version":[{"id":257093,"href":"https:\/\/www.caririemacao.com\/1\/wp-json\/wp\/v2\/posts\/257091\/revisions\/257093"}],"wp:featuredmedia":[{"embeddable":true,"href":"https:\/\/www.caririemacao.com\/1\/wp-json\/wp\/v2\/media\/257092"}],"wp:attachment":[{"href":"https:\/\/www.caririemacao.com\/1\/wp-json\/wp\/v2\/media?parent=257091"}],"wp:term":[{"taxonomy":"category","embeddable":true,"href":"https:\/\/www.caririemacao.com\/1\/wp-json\/wp\/v2\/categories?post=257091"},{"taxonomy":"post_tag","embeddable":true,"href":"https:\/\/www.caririemacao.com\/1\/wp-json\/wp\/v2\/tags?post=257091"}],"curies":[{"name":"wp","href":"https:\/\/api.w.org\/{rel}","templated":true}]}}