{"id":257094,"date":"2022-09-28T07:30:35","date_gmt":"2022-09-28T10:30:35","guid":{"rendered":"https:\/\/www.caririemacao.com\/1\/?p=257094"},"modified":"2022-09-28T07:30:35","modified_gmt":"2022-09-28T10:30:35","slug":"presidente-do-tse-se-reune-com-representantes-de-centrais-sindicais","status":"publish","type":"post","link":"https:\/\/www.caririemacao.com\/1\/2022\/09\/28\/presidente-do-tse-se-reune-com-representantes-de-centrais-sindicais\/","title":{"rendered":"Presidente do TSE se re\u00fane com representantes de centrais sindicais"},"content":{"rendered":"<h3 class=\"col-10 offset-1 animated fadeInDown dealy-900 display-8 display-md-8 alt-font font-italic my-1 text-center\"><em>Sindicalistas pediram a ado\u00e7\u00e3o de um plano de seguran\u00e7a ap\u00f3s o pleito<\/em><\/h3>\n<p>O presidente do Tribunal Superior Eleitoral (TSE), ministro Alexandre de Moraes, se reuniu ontem (27) com seis centrais sindicais. De acordo com o tribunal, os representantes das entidades solicitaram medidas para garantir a seguran\u00e7a de eleitores e mes\u00e1rios no pr\u00f3ximo domingo (2), dia do primeiro turno das elei\u00e7\u00f5es. <img decoding=\"async\" data-src=\"https:\/\/agenciabrasil.ebc.com.br\/ebc.png?id=1484702&amp;o=node\" src=\"data:image\/svg+xml;base64,PHN2ZyB3aWR0aD0iMSIgaGVpZ2h0PSIxIiB4bWxucz0iaHR0cDovL3d3dy53My5vcmcvMjAwMC9zdmciPjwvc3ZnPg==\" class=\"lazyload\" \/><img decoding=\"async\" data-src=\"https:\/\/agenciabrasil.ebc.com.br\/ebc.gif?id=1484702&amp;o=node\" src=\"data:image\/svg+xml;base64,PHN2ZyB3aWR0aD0iMSIgaGVpZ2h0PSIxIiB4bWxucz0iaHR0cDovL3d3dy53My5vcmcvMjAwMC9zdmciPjwvc3ZnPg==\" class=\"lazyload\" \/><\/p>\n<p>Os sindicalistas entregaram ao presidente um documento com sugest\u00f5es de combate \u00e0 viol\u00eancia. Eles demostraram preocupa\u00e7\u00e3o com agress\u00f5es a militantes e a jornalistas e tamb\u00e9m pediram a ado\u00e7\u00e3o de um plano de seguran\u00e7a ap\u00f3s o pleito.<\/p>\n<p>Participaram do encontro representantes da Central \u00danica dos Trabalhadores (CUT), For\u00e7a Sindical, Uni\u00e3o Geral dos Trabalhadores (UGT), Central de Trabalhadores e Trabalhadoras do Brasil (CTB), Nova Central Sindical dos Trabalhadores (NCST) e da Central dos Sindicatos Brasileiros (CSB).<\/p>\n<p><em>* Com informa\u00e7\u00f5es do TSE\u00a0<\/em><\/p>\n<p>FONTE: Ag\u00eancia Brasil<\/p>\n","protected":false},"excerpt":{"rendered":"<p>Sindicalistas pediram a ado\u00e7\u00e3o de um plano de seguran\u00e7a ap\u00f3s o pleito O presidente do Tribunal Superior Eleitoral (TSE), ministro Alexandre de Moraes, se reuniu&hellip; <\/p>\n","protected":false},"author":6,"featured_media":257095,"comment_status":"closed","ping_status":"closed","sticky":false,"template":"","format":"standard","meta":{"sfsi_plus_gutenberg_text_before_share":"","sfsi_plus_gutenberg_show_text_before_share":"","sfsi_plus_gutenberg_icon_type":"","sfsi_plus_gutenberg_icon_alignemt":"","sfsi_plus_gutenburg_max_per_row":"","footnotes":""},"categories":[50,2,11],"tags":[],"class_list":["post-257094","post","type-post","status-publish","format-standard","has-post-thumbnail","hentry","category-destaque","category-geral","category-politica"],"_links":{"self":[{"href":"https:\/\/www.caririemacao.com\/1\/wp-json\/wp\/v2\/posts\/257094","targetHints":{"allow":["GET"]}}],"collection":[{"href":"https:\/\/www.caririemacao.com\/1\/wp-json\/wp\/v2\/posts"}],"about":[{"href":"https:\/\/www.caririemacao.com\/1\/wp-json\/wp\/v2\/types\/post"}],"author":[{"embeddable":true,"href":"https:\/\/www.caririemacao.com\/1\/wp-json\/wp\/v2\/users\/6"}],"replies":[{"embeddable":true,"href":"https:\/\/www.caririemacao.com\/1\/wp-json\/wp\/v2\/comments?post=257094"}],"version-history":[{"count":1,"href":"https:\/\/www.caririemacao.com\/1\/wp-json\/wp\/v2\/posts\/257094\/revisions"}],"predecessor-version":[{"id":257096,"href":"https:\/\/www.caririemacao.com\/1\/wp-json\/wp\/v2\/posts\/257094\/revisions\/257096"}],"wp:featuredmedia":[{"embeddable":true,"href":"https:\/\/www.caririemacao.com\/1\/wp-json\/wp\/v2\/media\/257095"}],"wp:attachment":[{"href":"https:\/\/www.caririemacao.com\/1\/wp-json\/wp\/v2\/media?parent=257094"}],"wp:term":[{"taxonomy":"category","embeddable":true,"href":"https:\/\/www.caririemacao.com\/1\/wp-json\/wp\/v2\/categories?post=257094"},{"taxonomy":"post_tag","embeddable":true,"href":"https:\/\/www.caririemacao.com\/1\/wp-json\/wp\/v2\/tags?post=257094"}],"curies":[{"name":"wp","href":"https:\/\/api.w.org\/{rel}","templated":true}]}}