{"id":257097,"date":"2022-09-28T07:32:30","date_gmt":"2022-09-28T10:32:30","guid":{"rendered":"https:\/\/www.caririemacao.com\/1\/?p=257097"},"modified":"2022-09-28T07:32:30","modified_gmt":"2022-09-28T10:32:30","slug":"confira-a-agenda-dos-candidatos-ao-governo-da-paraiba-nesta-quarta-feira-3","status":"publish","type":"post","link":"https:\/\/www.caririemacao.com\/1\/2022\/09\/28\/confira-a-agenda-dos-candidatos-ao-governo-da-paraiba-nesta-quarta-feira-3\/","title":{"rendered":"Confira a agenda dos candidatos ao Governo da Para\u00edba nesta quarta-feira"},"content":{"rendered":"<p><strong>Os candidatos ao Governo do Estado participam nesta quarta-feira (28) de reuni\u00f5es, caravanas e com\u00edcios entre outras atividades.<\/strong><\/p>\n<p><strong>Adjany Simpl\u00edcio (PSOL)<\/strong><\/p>\n<p>12h &#8211; Debate entre candidatos e candidata na R\u00e1dio Correio<\/p>\n<p>20h30 &#8211; Entrevista para o Podcast Arretado<\/p>\n<p><strong>Adriano Trajano (PCO)<\/strong><\/p>\n<p>A equipe do candidato ainda n\u00e3o enviou a agenda oficial ao ClickPB.<\/p>\n<p><strong>Jo\u00e3o Azev\u00eado (PSB)<\/strong><\/p>\n<p>A equipe do candidato ainda n\u00e3o enviou a agenda oficial ao ClickPB.<\/p>\n<p><strong>Major Fabio (PRTB)<\/strong><\/p>\n<p>A equipe do candidato ainda n\u00e3o enviou a agenda oficial ao ClickPB.<\/p>\n<p><strong>Nascimento (PSTU)<\/strong><\/p>\n<p>&#8211; 12:30h : Debate na R\u00e1dio Correio 98FM.<br \/>\n&#8211; 15:30h : Grava\u00e7\u00e3o de v\u00eddeos.<\/p>\n<p><strong>Nilvan Ferreira (PL)<\/strong><\/p>\n<p>12h \u2013 Debate R\u00e1dio Correio FM<br \/>\n16h &#8211; Agenda privada<br \/>\n17h &#8211; Arrast\u00e3o nos bairros: Cristo, Cruz das Armas e Bairro dos Novais<\/p>\n<p><strong>Pedro Cunha Lima (PSDB)<\/strong><\/p>\n<p>MANH\u00c3<br \/>\n\u2022 Reuni\u00e3o com equipe de campanha<\/p>\n<p>TARDE<br \/>\n\u2022 Debate R\u00e1dio Correio<br \/>\n\u2022 Sabatina OAB<\/p>\n<p><strong>Veneziano (MDB)<\/strong><\/p>\n<p>MANH\u00c3<\/p>\n<p>Recebe lideran\u00e7as pol\u00edticas em Jo\u00e3o Pessoa<\/p>\n<p>TARDE<\/p>\n<p>Participa de debate na R\u00e1dio Correio FM, em Jo\u00e3o Pessoa, a partir das 12:25h<\/p>\n<p>Participa de Caminhada no bairro de Santa Rosa, em Campina Grande, com concentra\u00e7\u00e3o na esquina da Rua Damasco com Rua Presidente Costa e Silva, a partir das 15:15h<\/p>\n<p>NOITE<\/p>\n<p>Participa de \u201cCaminhada da Esperan\u00e7a\u201d no Bairro do Geisel, em Jo\u00e3o Pessoa, com concentra\u00e7\u00e3o na Rua Valdemar Nazieno, a partir das 19:15h<\/p>\n<p>FONTE: Click PB<\/p>\n","protected":false},"excerpt":{"rendered":"<p>Os candidatos ao Governo do Estado participam nesta quarta-feira (28) de reuni\u00f5es, caravanas e com\u00edcios entre outras atividades. Adjany Simpl\u00edcio (PSOL) 12h &#8211; Debate entre&hellip; <\/p>\n","protected":false},"author":6,"featured_media":257098,"comment_status":"closed","ping_status":"closed","sticky":false,"template":"","format":"standard","meta":{"sfsi_plus_gutenberg_text_before_share":"","sfsi_plus_gutenberg_show_text_before_share":"","sfsi_plus_gutenberg_icon_type":"","sfsi_plus_gutenberg_icon_alignemt":"","sfsi_plus_gutenburg_max_per_row":"","footnotes":""},"categories":[50,104,11],"tags":[],"class_list":["post-257097","post","type-post","status-publish","format-standard","has-post-thumbnail","hentry","category-destaque","category-paraiba","category-politica"],"_links":{"self":[{"href":"https:\/\/www.caririemacao.com\/1\/wp-json\/wp\/v2\/posts\/257097","targetHints":{"allow":["GET"]}}],"collection":[{"href":"https:\/\/www.caririemacao.com\/1\/wp-json\/wp\/v2\/posts"}],"about":[{"href":"https:\/\/www.caririemacao.com\/1\/wp-json\/wp\/v2\/types\/post"}],"author":[{"embeddable":true,"href":"https:\/\/www.caririemacao.com\/1\/wp-json\/wp\/v2\/users\/6"}],"replies":[{"embeddable":true,"href":"https:\/\/www.caririemacao.com\/1\/wp-json\/wp\/v2\/comments?post=257097"}],"version-history":[{"count":1,"href":"https:\/\/www.caririemacao.com\/1\/wp-json\/wp\/v2\/posts\/257097\/revisions"}],"predecessor-version":[{"id":257099,"href":"https:\/\/www.caririemacao.com\/1\/wp-json\/wp\/v2\/posts\/257097\/revisions\/257099"}],"wp:featuredmedia":[{"embeddable":true,"href":"https:\/\/www.caririemacao.com\/1\/wp-json\/wp\/v2\/media\/257098"}],"wp:attachment":[{"href":"https:\/\/www.caririemacao.com\/1\/wp-json\/wp\/v2\/media?parent=257097"}],"wp:term":[{"taxonomy":"category","embeddable":true,"href":"https:\/\/www.caririemacao.com\/1\/wp-json\/wp\/v2\/categories?post=257097"},{"taxonomy":"post_tag","embeddable":true,"href":"https:\/\/www.caririemacao.com\/1\/wp-json\/wp\/v2\/tags?post=257097"}],"curies":[{"name":"wp","href":"https:\/\/api.w.org\/{rel}","templated":true}]}}