{"id":257103,"date":"2022-09-28T07:36:26","date_gmt":"2022-09-28T10:36:26","guid":{"rendered":"https:\/\/www.caririemacao.com\/1\/?p=257103"},"modified":"2022-09-28T07:36:26","modified_gmt":"2022-09-28T10:36:26","slug":"bolsonaro-diz-que-moraes-ultrapassou-todos-os-limites-com-quebra-de-sigilo-de-assessor","status":"publish","type":"post","link":"https:\/\/www.caririemacao.com\/1\/2022\/09\/28\/bolsonaro-diz-que-moraes-ultrapassou-todos-os-limites-com-quebra-de-sigilo-de-assessor\/","title":{"rendered":"Bolsonaro diz que Moraes ultrapassou todos os limites com quebra de sigilo de assessor"},"content":{"rendered":"<p><em><strong>Ele disse ainda que Moraes &#8220;ultrapassou todos os limites&#8221; com a decis\u00e3o que autorizou a quebra de sigilo, por ter atingido gastos de sua esposa.<\/strong><\/em><\/p>\n<p>O presidente Jair Bolsonaro (PL) afirmou ontem ter\u00e7a-feira (27) que o &#8220;pessoal da Pol\u00edcia Federal&#8221; que pediu a quebra de sigilo banc\u00e1rio de seu principal ajudante de ordem, tenente-coronel Mauro Cesar Barbosa Cid, &#8220;come na m\u00e3o&#8221; do ministro Alexandre de Moraes, do STF (Supremo Tribunal Federal) e do TSE (Tribunal Superior Eleitoral).<\/p>\n<p>Ele disse ainda que Moraes &#8220;ultrapassou todos os limites&#8221; com a decis\u00e3o que autorizou a quebra de sigilo, por ter atingido gastos de sua esposa.<\/p>\n<p>&#8220;Alexandre, voc\u00ea mexer comigo \u00e9 uma coisa, voc\u00ea mexer com minha esposa, voc\u00ea ultrapassou todos os limites, Moraes, todos os limites. Est\u00e1 pensando o que da vida? Que pode tudo e tudo bem? Voc\u00ea um dia vai dar uma canetada e me prender? Isso que passa na tua cabe\u00e7a? \u00c9 uma covardia.&#8221;<\/p>\n<p>Conforme a Folha de S.Paulo revelou, a PF encontrou elementos no telefone de Cid que levantaram suspeitas de investigadores sobre transa\u00e7\u00f5es financeiras feitas no gabinete do presidente da Rep\u00fablica.<\/p>\n<p>Moraes deferiu o pedido da PF para que a corpora\u00e7\u00e3o tenha acesso aos dados do assessor do mandat\u00e1rio.<\/p>\n<p>O presidente n\u00e3o especificou em sua fala quais eram os agentes da Pol\u00edcia Federal que, segundo ele, participariam das a\u00e7\u00f5es de Moraes para atingi-lo.<\/p>\n<p>Na PF, a investiga\u00e7\u00e3o era conduzida pela delegada Denisse Ribeiro. Ap\u00f3s ela sair em licen\u00e7a maternidade, o caso passou a ser conduzido pelo delegado Fabio Shor.<\/p>\n<p>O chefe do Executivo \u00e9 um cr\u00edtico dos delegados que s\u00e3o respons\u00e1veis pelas investiga\u00e7\u00f5es em curso no Supremo que envolvem Bolsonaro e aliados, como \u00e9 o caso dos inqu\u00e9ritos das fake news e das mil\u00edcias digitais.<\/p>\n<p>Em live transmitida nas redes sociais nesta ter\u00e7a, o presidente tamb\u00e9m acusou o ministro de ser o respons\u00e1vel pelo vazamento das informa\u00e7\u00f5es encontradas na quebra do sigilo de Cid.<\/p>\n<p>&#8220;Foi o Alexandre de Moraes que vazou. N\u00e3o vem com papinho que foi a PF n\u00e3o, porque a PF, esse pessoal da PF, Alexandre de Moraes, come na tua m\u00e3o. Ent\u00e3o, foi voc\u00ea que vazou&#8221;, disse.<\/p>\n<p>O presidente disse ainda que o total de valores movimentados \u00e9 de R$ 12 mil. Segundo ele, Cid faz o pagamento de despesas da primeira-dama Michelle Bolsonaro, como manicure e plano de sa\u00fade de um parente, al\u00e9m de pagar uma tia que costuma cuidar de sua filha Laura.<\/p>\n<p>A PF pediu a quebra de sigilo com base em conversas por escrito, fotos e \u00e1udios trocados por Cid com outros funcion\u00e1rios da Presid\u00eancia que sugerem a exist\u00eancia de dep\u00f3sitos fracionados e saques em dinheiro.<\/p>\n<p>O material analisado pela Pol\u00edcia Federal indica que as movimenta\u00e7\u00f5es financeiras se destinavam a pagar contas pessoais da fam\u00edlia presidencial e tamb\u00e9m de pessoas pr\u00f3ximas de Michelle.<\/p>\n<p>A quebra de sigilo banc\u00e1rio ocorre dentro do caso que apurava o vazamento de uma investiga\u00e7\u00e3o sobre um hacker no TSE. A apura\u00e7\u00e3o foi compartilhada por Moraes e agora tramita no inqu\u00e9rito das mil\u00edcias digitais.<\/p>\n<p>Bolsonaro afirmou que seu ajudante de ordem \u00e9 uma pessoa de sua &#8220;confian\u00e7a&#8221; e que tem acesso \u00e0 sua vida particular e a decis\u00f5es de governo, como encontro com presidentes de outros pa\u00edses.<\/p>\n<p>&#8220;Ent\u00e3o, ele [Moraes] pega isso tudo, e tem a ver com a minha vida particular, e de forma, eu n\u00e3o vou adjetivar aqui porque tenho vergonha de falar o adjetivo que merece o Alexandre de Moraes, ele vaza para a imprensa isso para constranger a mim&#8221;, disse.<\/p>\n<p>Bolsonaro disse que tem tr\u00eas cart\u00f5es corporativos, um para ser usado em viagens, outro para despesas do Pal\u00e1cio da Alvorada e um terceiro em que pode sacar verba em dinheiro vivo. Segundo ele, por\u00e9m, nenhum valor foi retirado.<\/p>\n<p>Na live, antes de iniciar as declara\u00e7\u00f5es sobre o tema, Bolsonaro diz que Cid est\u00e1 na sua frente -ele n\u00e3o aparece no v\u00eddeo.<\/p>\n<p>O presidente disse que \u00e9 uma &#8220;covardia&#8221; o comportamento de Moraes e reclamou que o ministro teve acesso a diversas conversas sobre temas particulares com o ajudante de ordem devido \u00e0 quebra de sigilo telem\u00e1tico determinada em outro inqu\u00e9rito.<\/p>\n<p>&#8220;Ent\u00e3o est\u00e1 l\u00e1 as conversas com WhatsApp do Cid, com a minha esposa, com a primeira-dama, do Cid comigo, do Cid com os demais ajudantes de ordem&#8221;, diz.<br \/>\nEle detalhou como faz os pedidos ao assessor: &#8220;Olha, sua miss\u00e3o \u00e9 essa. Faz isso, quebra esse galho aqui, paga aquela conta&#8221;, relatou.<\/p>\n<p>E complementou: &#8220;Alexandre, fazer um pedido para voc\u00ea. Se \u00e9 que voc\u00ea tem&#8230; se \u00e9 que voc\u00ea merece que eu fa\u00e7a um pedido: esque\u00e7a a minha esposa. Esque\u00e7a a minha esposa. Isso \u00e9 comportamento de quem&#8230; de pessoas vis&#8221;.<\/p>\n<p>Cid tornou-se alvo no STF na investiga\u00e7\u00e3o sobre o vazamento de informa\u00e7\u00f5es sigilosas relativas ao caso do ataque ao TSE.<\/p>\n<p>Ele passou a ser investigado por ter atuado no epis\u00f3dio e teve o sigilo telem\u00e1tico (emails, arquivos de celular e nuvem de armazenamento) quebrado por ordem de Moraes. Na an\u00e1lise desse material, a PF se deparou com movimenta\u00e7\u00f5es financeiras que considerou suspeitas.<\/p>\n<p>Em conversas por aplicativos de mensagens, integrantes da Ajud\u00e2ncia de Ordens trocam recibos de saques e dep\u00f3sitos e abordam o pagamento de boletos.<\/p>\n<p>Uma das suspeitas que est\u00e3o sendo apuradas pela PF com base nos di\u00e1logos \u00e9 o pagamento de uma fatura de plano de sa\u00fade de um parente do casal presidencial.<\/p>\n<p>A assessoria da Presid\u00eancia nega qualquer irregularidade nas transa\u00e7\u00f5es e diz que os valores movimentados t\u00eam como origem a conta particular do presidente da Rep\u00fablica.<\/p>\n<p>Segundo a assessoria, as transa\u00e7\u00f5es vistas como suspeitas pela PF t\u00eam origem em dinheiro privado de Jair Bolsonaro.<\/p>\n<p>&#8220;Todos os recursos n\u00e3o t\u00eam origem no suprimento de fundos [cart\u00e3o corporativo]. O presidente nunca sacou um s\u00f3 centavo desse cart\u00e3o corporativo pessoal. O mesmo est\u00e1 zerado desde janeiro de 2019&#8221;, afirma.<\/p>\n<p>FONTE: Click PB<\/p>\n","protected":false},"excerpt":{"rendered":"<p>Ele disse ainda que Moraes &#8220;ultrapassou todos os limites&#8221; com a decis\u00e3o que autorizou a quebra de sigilo, por ter atingido gastos de sua esposa.&hellip; <\/p>\n","protected":false},"author":6,"featured_media":257104,"comment_status":"closed","ping_status":"closed","sticky":false,"template":"","format":"standard","meta":{"sfsi_plus_gutenberg_text_before_share":"","sfsi_plus_gutenberg_show_text_before_share":"","sfsi_plus_gutenberg_icon_type":"","sfsi_plus_gutenberg_icon_alignemt":"","sfsi_plus_gutenburg_max_per_row":"","footnotes":""},"categories":[50,11],"tags":[],"class_list":["post-257103","post","type-post","status-publish","format-standard","has-post-thumbnail","hentry","category-destaque","category-politica"],"_links":{"self":[{"href":"https:\/\/www.caririemacao.com\/1\/wp-json\/wp\/v2\/posts\/257103","targetHints":{"allow":["GET"]}}],"collection":[{"href":"https:\/\/www.caririemacao.com\/1\/wp-json\/wp\/v2\/posts"}],"about":[{"href":"https:\/\/www.caririemacao.com\/1\/wp-json\/wp\/v2\/types\/post"}],"author":[{"embeddable":true,"href":"https:\/\/www.caririemacao.com\/1\/wp-json\/wp\/v2\/users\/6"}],"replies":[{"embeddable":true,"href":"https:\/\/www.caririemacao.com\/1\/wp-json\/wp\/v2\/comments?post=257103"}],"version-history":[{"count":1,"href":"https:\/\/www.caririemacao.com\/1\/wp-json\/wp\/v2\/posts\/257103\/revisions"}],"predecessor-version":[{"id":257105,"href":"https:\/\/www.caririemacao.com\/1\/wp-json\/wp\/v2\/posts\/257103\/revisions\/257105"}],"wp:featuredmedia":[{"embeddable":true,"href":"https:\/\/www.caririemacao.com\/1\/wp-json\/wp\/v2\/media\/257104"}],"wp:attachment":[{"href":"https:\/\/www.caririemacao.com\/1\/wp-json\/wp\/v2\/media?parent=257103"}],"wp:term":[{"taxonomy":"category","embeddable":true,"href":"https:\/\/www.caririemacao.com\/1\/wp-json\/wp\/v2\/categories?post=257103"},{"taxonomy":"post_tag","embeddable":true,"href":"https:\/\/www.caririemacao.com\/1\/wp-json\/wp\/v2\/tags?post=257103"}],"curies":[{"name":"wp","href":"https:\/\/api.w.org\/{rel}","templated":true}]}}