{"id":257348,"date":"2022-10-02T08:12:50","date_gmt":"2022-10-02T11:12:50","guid":{"rendered":"https:\/\/www.caririemacao.com\/1\/?p=257348"},"modified":"2022-10-02T08:12:50","modified_gmt":"2022-10-02T11:12:50","slug":"policia-federal-garante-que-todo-efetivo-estara-trabalhado-durante-as-eleicoes-na-pb","status":"publish","type":"post","link":"https:\/\/www.caririemacao.com\/1\/2022\/10\/02\/policia-federal-garante-que-todo-efetivo-estara-trabalhado-durante-as-eleicoes-na-pb\/","title":{"rendered":"Pol\u00edcia Federal garante que todo efetivo estar\u00e1 trabalhado durante \u00e0s elei\u00e7\u00f5es na PB"},"content":{"rendered":"<p>A Superintend\u00eancia da Pol\u00edcia Federal na Para\u00edba informa que todo o efetivo do estado estar\u00e1 de plant\u00e3o que come\u00e7ou na \u00faltima quinta-feira (29) e vai at\u00e9 o fim da apura\u00e7\u00e3o dos votos das elei\u00e7\u00f5es 2022, hoje domingo (2).<\/p>\n<p>Al\u00e9m de Jo\u00e3o Pessoa, os policiais estar\u00e3o distribu\u00eddos em diversos munic\u00edpios trabalhando junto com a Justi\u00e7a Eleitoral e Pol\u00edcias Civil e Militar garantido ordem no processo de vota\u00e7\u00e3o.<\/p>\n<p>Qualquer ocorr\u00eancia ser\u00e1 encaminhada as unidades da Pol\u00edcia Federal, na Capital, ou nas unidades da institui\u00e7\u00e3o em Campina Grande ou Patos.<\/p>\n<p>Al\u00e9m do plant\u00e3o nas cidades citadas, haver\u00e1 viaturas da PF circulando em outros munic\u00edpios, principalmente nos locais de vota\u00e7\u00e3o.<\/p>\n<p>O objetivo da Pol\u00edcia Federal \u00e9 garantir que todo o processo eleitoral transcorra com tranquilidade, em maiores intercorr\u00eancia.<\/p>\n<p>FONTE: MaisPB<\/p>\n","protected":false},"excerpt":{"rendered":"<p>A Superintend\u00eancia da Pol\u00edcia Federal na Para\u00edba informa que todo o efetivo do estado estar\u00e1 de plant\u00e3o que come\u00e7ou na \u00faltima quinta-feira (29) e vai&hellip; <\/p>\n","protected":false},"author":6,"featured_media":257349,"comment_status":"closed","ping_status":"closed","sticky":false,"template":"","format":"standard","meta":{"sfsi_plus_gutenberg_text_before_share":"","sfsi_plus_gutenberg_show_text_before_share":"","sfsi_plus_gutenberg_icon_type":"","sfsi_plus_gutenberg_icon_alignemt":"","sfsi_plus_gutenburg_max_per_row":"","footnotes":""},"categories":[50],"tags":[],"class_list":["post-257348","post","type-post","status-publish","format-standard","has-post-thumbnail","hentry","category-destaque"],"_links":{"self":[{"href":"https:\/\/www.caririemacao.com\/1\/wp-json\/wp\/v2\/posts\/257348","targetHints":{"allow":["GET"]}}],"collection":[{"href":"https:\/\/www.caririemacao.com\/1\/wp-json\/wp\/v2\/posts"}],"about":[{"href":"https:\/\/www.caririemacao.com\/1\/wp-json\/wp\/v2\/types\/post"}],"author":[{"embeddable":true,"href":"https:\/\/www.caririemacao.com\/1\/wp-json\/wp\/v2\/users\/6"}],"replies":[{"embeddable":true,"href":"https:\/\/www.caririemacao.com\/1\/wp-json\/wp\/v2\/comments?post=257348"}],"version-history":[{"count":1,"href":"https:\/\/www.caririemacao.com\/1\/wp-json\/wp\/v2\/posts\/257348\/revisions"}],"predecessor-version":[{"id":257350,"href":"https:\/\/www.caririemacao.com\/1\/wp-json\/wp\/v2\/posts\/257348\/revisions\/257350"}],"wp:featuredmedia":[{"embeddable":true,"href":"https:\/\/www.caririemacao.com\/1\/wp-json\/wp\/v2\/media\/257349"}],"wp:attachment":[{"href":"https:\/\/www.caririemacao.com\/1\/wp-json\/wp\/v2\/media?parent=257348"}],"wp:term":[{"taxonomy":"category","embeddable":true,"href":"https:\/\/www.caririemacao.com\/1\/wp-json\/wp\/v2\/categories?post=257348"},{"taxonomy":"post_tag","embeddable":true,"href":"https:\/\/www.caririemacao.com\/1\/wp-json\/wp\/v2\/tags?post=257348"}],"curies":[{"name":"wp","href":"https:\/\/api.w.org\/{rel}","templated":true}]}}