{"id":257351,"date":"2022-10-02T14:40:25","date_gmt":"2022-10-02T17:40:25","guid":{"rendered":"https:\/\/www.caririemacao.com\/1\/?p=257351"},"modified":"2022-10-02T14:40:25","modified_gmt":"2022-10-02T17:40:25","slug":"homem-e-preso-apos-destruir-urna-a-pauladas","status":"publish","type":"post","link":"https:\/\/www.caririemacao.com\/1\/2022\/10\/02\/homem-e-preso-apos-destruir-urna-a-pauladas\/","title":{"rendered":"Homem \u00e9 preso ap\u00f3s destruir urna a pauladas"},"content":{"rendered":"<p>Um eleitor foi preso na tarde deste domingo (2) ap\u00f3s quebrar uma\u00a0urna eletr\u00f4nica\u00a0em col\u00e9gio no Setor Vila Boa, em\u00a0Goi\u00e2nia.<\/p>\n<p>Segundo a\u00a0Pol\u00edcia Militar, o homem tem\u00a0problemas psicol\u00f3gicos. Ele foi conduzido \u00e0\u00a0Pol\u00edcia Federal\u00a0depois da confus\u00e3o, que ocorreu no Col\u00e9gio Master.\u00a0A urna danificada teve de ser substitu\u00edda.<\/p>\n<p>&nbsp;<\/p>\n","protected":false},"excerpt":{"rendered":"<p>Um eleitor foi preso na tarde deste domingo (2) ap\u00f3s quebrar uma\u00a0urna eletr\u00f4nica\u00a0em col\u00e9gio no Setor Vila Boa, em\u00a0Goi\u00e2nia. Segundo a\u00a0Pol\u00edcia Militar, o homem tem\u00a0problemas&hellip; <\/p>\n","protected":false},"author":6,"featured_media":257352,"comment_status":"closed","ping_status":"closed","sticky":false,"template":"","format":"standard","meta":{"sfsi_plus_gutenberg_text_before_share":"","sfsi_plus_gutenberg_show_text_before_share":"","sfsi_plus_gutenberg_icon_type":"","sfsi_plus_gutenberg_icon_alignemt":"","sfsi_plus_gutenburg_max_per_row":"","footnotes":""},"categories":[123],"tags":[],"class_list":["post-257351","post","type-post","status-publish","format-standard","has-post-thumbnail","hentry","category-brasil"],"_links":{"self":[{"href":"https:\/\/www.caririemacao.com\/1\/wp-json\/wp\/v2\/posts\/257351","targetHints":{"allow":["GET"]}}],"collection":[{"href":"https:\/\/www.caririemacao.com\/1\/wp-json\/wp\/v2\/posts"}],"about":[{"href":"https:\/\/www.caririemacao.com\/1\/wp-json\/wp\/v2\/types\/post"}],"author":[{"embeddable":true,"href":"https:\/\/www.caririemacao.com\/1\/wp-json\/wp\/v2\/users\/6"}],"replies":[{"embeddable":true,"href":"https:\/\/www.caririemacao.com\/1\/wp-json\/wp\/v2\/comments?post=257351"}],"version-history":[{"count":1,"href":"https:\/\/www.caririemacao.com\/1\/wp-json\/wp\/v2\/posts\/257351\/revisions"}],"predecessor-version":[{"id":257353,"href":"https:\/\/www.caririemacao.com\/1\/wp-json\/wp\/v2\/posts\/257351\/revisions\/257353"}],"wp:featuredmedia":[{"embeddable":true,"href":"https:\/\/www.caririemacao.com\/1\/wp-json\/wp\/v2\/media\/257352"}],"wp:attachment":[{"href":"https:\/\/www.caririemacao.com\/1\/wp-json\/wp\/v2\/media?parent=257351"}],"wp:term":[{"taxonomy":"category","embeddable":true,"href":"https:\/\/www.caririemacao.com\/1\/wp-json\/wp\/v2\/categories?post=257351"},{"taxonomy":"post_tag","embeddable":true,"href":"https:\/\/www.caririemacao.com\/1\/wp-json\/wp\/v2\/tags?post=257351"}],"curies":[{"name":"wp","href":"https:\/\/api.w.org\/{rel}","templated":true}]}}