{"id":25737,"date":"2017-08-09T08:55:35","date_gmt":"2017-08-09T11:55:35","guid":{"rendered":"http:\/\/caririemacao.com\/1\/?p=25737"},"modified":"2017-08-09T08:55:35","modified_gmt":"2017-08-09T11:55:35","slug":"laudo-descarta-tiro-acidental-e-confirma-que-luanna-foi-assassinada-diz-policia","status":"publish","type":"post","link":"https:\/\/www.caririemacao.com\/1\/2017\/08\/09\/laudo-descarta-tiro-acidental-e-confirma-que-luanna-foi-assassinada-diz-policia\/","title":{"rendered":"Laudo descarta tiro acidental e confirma que Luanna foi assassinada, diz pol\u00edcia"},"content":{"rendered":"<p>A per\u00edcia do Instituto de Pol\u00edcia Cient\u00edfica (IPC) confirmou, nesta ter\u00e7a-feira (8), como homic\u00eddio o crime envolvendo Yuri Ramos Coutinho N\u00f3brega, de 20 anos, namorado e suspeito de assassinar a jovem Luanna Alverga, tamb\u00e9m de 20 anos. O crime ocorreu no dia 23 de julho, no bairro do Roger, na Zona Norte de Jo\u00e3o Pessoa. Para a per\u00edcia, foram descartadas as teses de suic\u00eddio ou tiro acidental.<\/p>\n<p><strong><br \/>\n<\/strong>De acordo com o gerente operacional do IPC em Jo\u00e3o Pessoa, Marcelo Burity, o laudo finalizado nesta ter\u00e7a tem como fun\u00e7\u00e3o dar natureza jur\u00eddica ao crime. No laudo, o caso foi confirmado como homic\u00eddio.<\/p>\n<p>\u201cO laudo confirma as caracter\u00edsticas de homic\u00eddio e traz detalhes da arma e do momento do crime, como a dist\u00e2ncia da arma para a v\u00edtima, que era de 50 cent\u00edmetros, e o posicionamento de Luanna, que estava virada de costas para Yuri no momento do disparo. O tiro acertou um pouco acima da orelha\u201d, afirmou Marcelo Burity.<\/p>\n<p>Ainda segundo o gerente operacional, a per\u00edcia tamb\u00e9m descartou disparo acidental e a possibilidade de um suposto suic\u00eddio da jovem.<\/p>\n<p>\u201cA arma estava em perfeito funcionamento e s\u00f3 disparou porque algu\u00e9m apertou o gatilho. Tamb\u00e9m foram feitos testes que descartaram um eventual suic\u00eddio da jovem. Agora, o laudo foi para a Pol\u00edcia Civil, que vai dar continuidade a investiga\u00e7\u00e3o\u201d, concluiu Marcelo Burity.<\/p>\n<p><strong>CARIRI EM A\u00c7\u00c3O<\/strong><\/p>\n<p><em>Com Portal Correio \u00a0\/Foto: Google<\/em><\/p>\n<p><strong>Leia mais not\u00edcias em\u00a0<\/strong><a href=\"http:\/\/www.caririemacao.com\/\"><strong>caririemacao.com<\/strong><\/a><strong>, siga nossa p\u00e1gina no\u00a0<\/strong><a href=\"https:\/\/www.facebook.com\/CaririEmAcao\/?ref=aymt_homepage_panel\"><strong>Facebook<\/strong><\/a>,<strong>\u00a0<\/strong><a href=\"https:\/\/www.instagram.com\/cariri_em_acao\/?hl=pt-br\"><strong>Instagram<\/strong><\/a><strong>\u00a0e <\/strong><a href=\"https:\/\/www.youtube.com\/channel\/UCAptA0jQuYQy8vMhLt2m4qg\"><strong>Youtube<\/strong><\/a><strong>\u00a0e veja nossas mat\u00e9rias, v\u00eddeos e fotos. Voc\u00ea tamb\u00e9m pode enviar informa\u00e7\u00f5es \u00e0 Reda\u00e7\u00e3o do Portal Cariri em A\u00e7\u00e3o pelo WhatsApp (83) 9 9634.5791, (83) 9 9601-1162.<\/strong><\/p>\n","protected":false},"excerpt":{"rendered":"<p>A per\u00edcia do Instituto de Pol\u00edcia Cient\u00edfica (IPC) confirmou, nesta ter\u00e7a-feira (8), como homic\u00eddio o crime envolvendo Yuri Ramos Coutinho N\u00f3brega, de 20 anos, namorado&hellip; <\/p>\n","protected":false},"author":2,"featured_media":25738,"comment_status":"closed","ping_status":"closed","sticky":false,"template":"","format":"standard","meta":{"sfsi_plus_gutenberg_text_before_share":"","sfsi_plus_gutenberg_show_text_before_share":"","sfsi_plus_gutenberg_icon_type":"","sfsi_plus_gutenberg_icon_alignemt":"","sfsi_plus_gutenburg_max_per_row":"","footnotes":""},"categories":[12],"tags":[],"class_list":["post-25737","post","type-post","status-publish","format-standard","has-post-thumbnail","hentry","category-policia"],"_links":{"self":[{"href":"https:\/\/www.caririemacao.com\/1\/wp-json\/wp\/v2\/posts\/25737","targetHints":{"allow":["GET"]}}],"collection":[{"href":"https:\/\/www.caririemacao.com\/1\/wp-json\/wp\/v2\/posts"}],"about":[{"href":"https:\/\/www.caririemacao.com\/1\/wp-json\/wp\/v2\/types\/post"}],"author":[{"embeddable":true,"href":"https:\/\/www.caririemacao.com\/1\/wp-json\/wp\/v2\/users\/2"}],"replies":[{"embeddable":true,"href":"https:\/\/www.caririemacao.com\/1\/wp-json\/wp\/v2\/comments?post=25737"}],"version-history":[{"count":0,"href":"https:\/\/www.caririemacao.com\/1\/wp-json\/wp\/v2\/posts\/25737\/revisions"}],"wp:featuredmedia":[{"embeddable":true,"href":"https:\/\/www.caririemacao.com\/1\/wp-json\/wp\/v2\/media\/25738"}],"wp:attachment":[{"href":"https:\/\/www.caririemacao.com\/1\/wp-json\/wp\/v2\/media?parent=25737"}],"wp:term":[{"taxonomy":"category","embeddable":true,"href":"https:\/\/www.caririemacao.com\/1\/wp-json\/wp\/v2\/categories?post=25737"},{"taxonomy":"post_tag","embeddable":true,"href":"https:\/\/www.caririemacao.com\/1\/wp-json\/wp\/v2\/tags?post=25737"}],"curies":[{"name":"wp","href":"https:\/\/api.w.org\/{rel}","templated":true}]}}