{"id":257372,"date":"2022-10-02T15:47:49","date_gmt":"2022-10-02T18:47:49","guid":{"rendered":"https:\/\/www.caririemacao.com\/1\/?p=257372"},"modified":"2022-10-02T15:47:49","modified_gmt":"2022-10-02T18:47:49","slug":"no-cariri-eleitor-e-preso-ao-tentar-filmar-o-proprio-voto","status":"publish","type":"post","link":"https:\/\/www.caririemacao.com\/1\/2022\/10\/02\/no-cariri-eleitor-e-preso-ao-tentar-filmar-o-proprio-voto\/","title":{"rendered":"No Cariri: Eleitor \u00e9 preso ao tentar filmar o pr\u00f3prio voto"},"content":{"rendered":"<p>No final da manh\u00e3 deste domingo(02), um eleitor foi detido pela Pol\u00edcia Militar em S\u00e3o Jo\u00e3o do Cariri ap\u00f3s ser flagrado no porte de um celular filmando o pr\u00f3prio voto na cabine da vota\u00e7\u00e3o.<\/p>\n<p>Segundo informa\u00e7\u00f5es, a\u00e7\u00e3o foi registrada no col\u00e9gio eleitoral Severino Medeiros Ramos, no Distrito de Malhada da Ro\u00e7a, zona rural de S\u00e3o Jo\u00e3o do Cariri, onde mes\u00e1rios flagraram o eleitor filmando o voto na cabine da vota\u00e7\u00e3o e imediatamente acionaram os policiais militares que estavam fazendo a seguran\u00e7a do col\u00e9gio eleitoral.<\/p>\n<p>O eleitor foi detido e levado para Delegacia de Pol\u00edcia de S\u00e3o Jo\u00e3o do Cariri, onde ficar\u00e1 detido provisoriamente e responder\u00e1 pelo crime eleitoral.<\/p>\n<p>Filmar o voto \u00e9 considerado crime eleitoral, j\u00e1 que o Tribunal Superior Eleitoral (TSE) n\u00e3o permite que seja feita nenhum tipo de m\u00eddia durante a opera\u00e7\u00e3o nas urnas eletr\u00f4nicas.<\/p>\n<p>&nbsp;<\/p>\n<p><strong>CARIRI EM A\u00c7\u00c3O<\/strong><\/p>\n<p>Com De Olho no Cariri<\/p>\n","protected":false},"excerpt":{"rendered":"<p>No final da manh\u00e3 deste domingo(02), um eleitor foi detido pela Pol\u00edcia Militar em S\u00e3o Jo\u00e3o do Cariri ap\u00f3s ser flagrado no porte de um&hellip; <\/p>\n","protected":false},"author":6,"featured_media":242169,"comment_status":"closed","ping_status":"closed","sticky":false,"template":"","format":"standard","meta":{"sfsi_plus_gutenberg_text_before_share":"","sfsi_plus_gutenberg_show_text_before_share":"","sfsi_plus_gutenberg_icon_type":"","sfsi_plus_gutenberg_icon_alignemt":"","sfsi_plus_gutenburg_max_per_row":"","footnotes":""},"categories":[106],"tags":[],"class_list":["post-257372","post","type-post","status-publish","format-standard","has-post-thumbnail","hentry","category-cariri"],"_links":{"self":[{"href":"https:\/\/www.caririemacao.com\/1\/wp-json\/wp\/v2\/posts\/257372","targetHints":{"allow":["GET"]}}],"collection":[{"href":"https:\/\/www.caririemacao.com\/1\/wp-json\/wp\/v2\/posts"}],"about":[{"href":"https:\/\/www.caririemacao.com\/1\/wp-json\/wp\/v2\/types\/post"}],"author":[{"embeddable":true,"href":"https:\/\/www.caririemacao.com\/1\/wp-json\/wp\/v2\/users\/6"}],"replies":[{"embeddable":true,"href":"https:\/\/www.caririemacao.com\/1\/wp-json\/wp\/v2\/comments?post=257372"}],"version-history":[{"count":1,"href":"https:\/\/www.caririemacao.com\/1\/wp-json\/wp\/v2\/posts\/257372\/revisions"}],"predecessor-version":[{"id":257373,"href":"https:\/\/www.caririemacao.com\/1\/wp-json\/wp\/v2\/posts\/257372\/revisions\/257373"}],"wp:featuredmedia":[{"embeddable":true,"href":"https:\/\/www.caririemacao.com\/1\/wp-json\/wp\/v2\/media\/242169"}],"wp:attachment":[{"href":"https:\/\/www.caririemacao.com\/1\/wp-json\/wp\/v2\/media?parent=257372"}],"wp:term":[{"taxonomy":"category","embeddable":true,"href":"https:\/\/www.caririemacao.com\/1\/wp-json\/wp\/v2\/categories?post=257372"},{"taxonomy":"post_tag","embeddable":true,"href":"https:\/\/www.caririemacao.com\/1\/wp-json\/wp\/v2\/tags?post=257372"}],"curies":[{"name":"wp","href":"https:\/\/api.w.org\/{rel}","templated":true}]}}