{"id":257374,"date":"2022-10-02T16:07:42","date_gmt":"2022-10-02T19:07:42","guid":{"rendered":"https:\/\/www.caririemacao.com\/1\/?p=257374"},"modified":"2022-10-02T16:09:22","modified_gmt":"2022-10-02T19:09:22","slug":"em-monteiro-cabos-eleitorais-sao-presos-por-compra-de-votos","status":"publish","type":"post","link":"https:\/\/www.caririemacao.com\/1\/2022\/10\/02\/em-monteiro-cabos-eleitorais-sao-presos-por-compra-de-votos\/","title":{"rendered":"Em Monteiro: Cabos eleitorais s\u00e3o presos por compra de votos"},"content":{"rendered":"<p>No final da manh\u00e3 deste domingo (02), cabos eleitorais foram conduzidos a Pol\u00edcia Federal em Monteiro, por compra de votos.<\/p>\n<p>Segundo informa\u00e7\u00f5es, policiais do 11\u00b0 Batalh\u00e3o da Pol\u00edcia Militar efeturam a pris\u00e3o e conduziram para a Pol\u00edcia Federal, onde ser\u00e3o tomadas as devidas proced\u00eancias.<\/p>\n<p>De acordo com os policiais, a guarni\u00e7\u00e3o ainda averiguou outras ocorr\u00eancias, mas n\u00e3o constatando o fato.<\/p>\n<p>&nbsp;<\/p>\n<p><strong>CARIRI EM A\u00c7\u00c3O<\/strong><\/p>\n","protected":false},"excerpt":{"rendered":"<p>No final da manh\u00e3 deste domingo (02), cabos eleitorais foram conduzidos a Pol\u00edcia Federal em Monteiro, por compra de votos. Segundo informa\u00e7\u00f5es, policiais do 11\u00b0&hellip; <\/p>\n","protected":false},"author":6,"featured_media":257302,"comment_status":"closed","ping_status":"closed","sticky":false,"template":"","format":"standard","meta":{"sfsi_plus_gutenberg_text_before_share":"","sfsi_plus_gutenberg_show_text_before_share":"","sfsi_plus_gutenberg_icon_type":"","sfsi_plus_gutenberg_icon_alignemt":"","sfsi_plus_gutenburg_max_per_row":"","footnotes":""},"categories":[81],"tags":[],"class_list":["post-257374","post","type-post","status-publish","format-standard","has-post-thumbnail","hentry","category-monteiro"],"_links":{"self":[{"href":"https:\/\/www.caririemacao.com\/1\/wp-json\/wp\/v2\/posts\/257374","targetHints":{"allow":["GET"]}}],"collection":[{"href":"https:\/\/www.caririemacao.com\/1\/wp-json\/wp\/v2\/posts"}],"about":[{"href":"https:\/\/www.caririemacao.com\/1\/wp-json\/wp\/v2\/types\/post"}],"author":[{"embeddable":true,"href":"https:\/\/www.caririemacao.com\/1\/wp-json\/wp\/v2\/users\/6"}],"replies":[{"embeddable":true,"href":"https:\/\/www.caririemacao.com\/1\/wp-json\/wp\/v2\/comments?post=257374"}],"version-history":[{"count":3,"href":"https:\/\/www.caririemacao.com\/1\/wp-json\/wp\/v2\/posts\/257374\/revisions"}],"predecessor-version":[{"id":257377,"href":"https:\/\/www.caririemacao.com\/1\/wp-json\/wp\/v2\/posts\/257374\/revisions\/257377"}],"wp:featuredmedia":[{"embeddable":true,"href":"https:\/\/www.caririemacao.com\/1\/wp-json\/wp\/v2\/media\/257302"}],"wp:attachment":[{"href":"https:\/\/www.caririemacao.com\/1\/wp-json\/wp\/v2\/media?parent=257374"}],"wp:term":[{"taxonomy":"category","embeddable":true,"href":"https:\/\/www.caririemacao.com\/1\/wp-json\/wp\/v2\/categories?post=257374"},{"taxonomy":"post_tag","embeddable":true,"href":"https:\/\/www.caririemacao.com\/1\/wp-json\/wp\/v2\/tags?post=257374"}],"curies":[{"name":"wp","href":"https:\/\/api.w.org\/{rel}","templated":true}]}}