{"id":257378,"date":"2022-10-02T18:13:37","date_gmt":"2022-10-02T21:13:37","guid":{"rendered":"https:\/\/www.caririemacao.com\/1\/?p=257378"},"modified":"2022-10-02T18:13:37","modified_gmt":"2022-10-02T21:13:37","slug":"eleicoes-2022-confira-a-apuracao-dos-votos-para-governador-na-paraiba","status":"publish","type":"post","link":"https:\/\/www.caririemacao.com\/1\/2022\/10\/02\/eleicoes-2022-confira-a-apuracao-dos-votos-para-governador-na-paraiba\/","title":{"rendered":"Elei\u00e7\u00f5es 2022: confira a apura\u00e7\u00e3o dos votos para governador na Para\u00edba"},"content":{"rendered":"<p><em><strong>Ao todo, oito candidatos disputam o Governo da Para\u00edba. A expectativa \u00e9 de que a totaliza\u00e7\u00e3o dos votos seja feita at\u00e9 as 19h deste domingo.<\/strong><\/em><\/p>\n<p>O primeiro turno das Elei\u00e7\u00f5es 2022 foi encerrado \u00e0s 17h deste domingo (02) e o Tribunal Superior Eleitoral (TSE) iniciou a apura\u00e7\u00e3o dos votos. Em toda a Para\u00edba foram mais de 3 milh\u00f5es de eleitores cadastrados para a vota\u00e7\u00e3o.<\/p>\n<p>Ao todo, oito candidatos disputam o Governo da Para\u00edba.\u00a0A expectativa \u00e9 de que a totaliza\u00e7\u00e3o dos votos seja feita at\u00e9 as 19h deste domingo.<\/p>\n<p>O ClickPB acompanha a apura\u00e7\u00e3o dos votos e traz os principais resultados em tempo real, de acordo com a\u00a0<a href=\"https:\/\/resultados.tse.jus.br\/oficial\/app\/index.html#\/eleicao;e=e544;uf=pb;ufbu=pb\/totalizacao?cp=3\" target=\"true\" rel=\"noopener\">divulga\u00e7\u00e3o oficial do Tribunal Regional Eleitoral da Para\u00edba (TRE-PB)<\/a>.<\/p>\n<p>Os votos de Adriano Trajano (PCO) n\u00e3o aparecem\u00a0na totaliza\u00e7\u00e3o porque sua candidatura permanece sub judice.<\/p>\n<p>Acompanhe abaixo a apura\u00e7\u00e3o de votos para o cargo de governador da Para\u00edba:<\/p>\n<p>Jo\u00e3o Azev\u00eado (PSB): 37,09% &#8211; 26.775\u00a0votos<\/p>\n<p>Pedro Cunha Lima (PSDB): 24,64% &#8211; 17.791\u00a0votos<\/p>\n<p>Nilvan Ferreira (PL): 20,99% &#8211; 15.153\u00a0votos<\/p>\n<p>Veneziano (MDB): 16,11%\u00a0 &#8211; 11.628\u00a0votos<\/p>\n<p>Adjany Simpl\u00edcio (PSOL): 0,90% &#8211; 650\u00a0votos<\/p>\n<p>Major F\u00e1bio (PRTB): 0,22% &#8211; 160\u00a0votos<\/p>\n<p>Ant\u00f4nio Nascimento (PSTU): 0,03% &#8211; 25\u00a0votos<\/p>\n<p>Adriano Trajano (PCO): 0,02% &#8211; 11\u00a0votos<\/p>\n<p><strong><em>Mat\u00e9ria em atualiza\u00e7\u00e3o<\/em><\/strong><\/p>\n<p>FONTE: Click PB<\/p>\n","protected":false},"excerpt":{"rendered":"<p>Ao todo, oito candidatos disputam o Governo da Para\u00edba. A expectativa \u00e9 de que a totaliza\u00e7\u00e3o dos votos seja feita at\u00e9 as 19h deste domingo.&hellip; <\/p>\n","protected":false},"author":6,"featured_media":257379,"comment_status":"closed","ping_status":"closed","sticky":false,"template":"","format":"standard","meta":{"sfsi_plus_gutenberg_text_before_share":"","sfsi_plus_gutenberg_show_text_before_share":"","sfsi_plus_gutenberg_icon_type":"","sfsi_plus_gutenberg_icon_alignemt":"","sfsi_plus_gutenburg_max_per_row":"","footnotes":""},"categories":[50],"tags":[],"class_list":["post-257378","post","type-post","status-publish","format-standard","has-post-thumbnail","hentry","category-destaque"],"_links":{"self":[{"href":"https:\/\/www.caririemacao.com\/1\/wp-json\/wp\/v2\/posts\/257378","targetHints":{"allow":["GET"]}}],"collection":[{"href":"https:\/\/www.caririemacao.com\/1\/wp-json\/wp\/v2\/posts"}],"about":[{"href":"https:\/\/www.caririemacao.com\/1\/wp-json\/wp\/v2\/types\/post"}],"author":[{"embeddable":true,"href":"https:\/\/www.caririemacao.com\/1\/wp-json\/wp\/v2\/users\/6"}],"replies":[{"embeddable":true,"href":"https:\/\/www.caririemacao.com\/1\/wp-json\/wp\/v2\/comments?post=257378"}],"version-history":[{"count":1,"href":"https:\/\/www.caririemacao.com\/1\/wp-json\/wp\/v2\/posts\/257378\/revisions"}],"predecessor-version":[{"id":257380,"href":"https:\/\/www.caririemacao.com\/1\/wp-json\/wp\/v2\/posts\/257378\/revisions\/257380"}],"wp:featuredmedia":[{"embeddable":true,"href":"https:\/\/www.caririemacao.com\/1\/wp-json\/wp\/v2\/media\/257379"}],"wp:attachment":[{"href":"https:\/\/www.caririemacao.com\/1\/wp-json\/wp\/v2\/media?parent=257378"}],"wp:term":[{"taxonomy":"category","embeddable":true,"href":"https:\/\/www.caririemacao.com\/1\/wp-json\/wp\/v2\/categories?post=257378"},{"taxonomy":"post_tag","embeddable":true,"href":"https:\/\/www.caririemacao.com\/1\/wp-json\/wp\/v2\/tags?post=257378"}],"curies":[{"name":"wp","href":"https:\/\/api.w.org\/{rel}","templated":true}]}}