{"id":25772,"date":"2017-08-09T22:04:54","date_gmt":"2017-08-10T01:04:54","guid":{"rendered":"http:\/\/caririemacao.com\/1\/?p=25772"},"modified":"2017-08-10T09:49:48","modified_gmt":"2017-08-10T12:49:48","slug":"agua-do-sao-francisco-demora-a-chegar-a-cg-por-causa-de-pontes-irregulares-diz-policia","status":"publish","type":"post","link":"https:\/\/www.caririemacao.com\/1\/2017\/08\/09\/agua-do-sao-francisco-demora-a-chegar-a-cg-por-causa-de-pontes-irregulares-diz-policia\/","title":{"rendered":"\u00c1gua do S\u00e3o Francisco demora a chegar a CG por causa de pontes irregulares, diz pol\u00edcia"},"content":{"rendered":"<p>Uma fiscaliza\u00e7\u00e3o feita pela Pol\u00edcia Civil ao longo de 100 quil\u00f4metros no curso da transposi\u00e7\u00e3o do S\u00e3o Francisco na Para\u00edba descartou que haja desvios de \u00e1gua feitos por agricultores como causa para a diminui\u00e7\u00e3o na vaz\u00e3o.<\/p>\n<p>De acordo com o delegado Jo\u00e3o Joaldo, da Pol\u00edcia Civil em Sum\u00e9, a delegacia recebeu uma den\u00fancia feita pela Integra\u00e7\u00e3o Nacional sobre os supostos desvios de \u00e1gua.<\/p>\n<p>Por\u00e9m, policiais n\u00e3o encontraram furtos de \u00e1gua no curso da transposi\u00e7\u00e3o, mas sim a constru\u00e7\u00e3o prec\u00e1ria de pontes irregulares que est\u00e3o barrando o curso normal da transposi\u00e7\u00e3o.<\/p>\n<p>\u201cFizemos fiscaliza\u00e7\u00e3o nas margens do Rio Para\u00edba na tentativa de verificar irregularidades, mas n\u00e3o identificamos nenhum desvio. O que vimos foram pontes constru\u00eddas de forma irregular e prec\u00e1ria por comunidades que ficaram isoladas com a pereniza\u00e7\u00e3o do rio rio\u201d, disse o delegado.<\/p>\n<p>Ainda segundo o delegado, s\u00e3o essas pontes que est\u00e3o barrando a \u00e1gua e diminuindo consideravelmente a velocidade da vaz\u00e3o da \u00e1gua pelo rio. Tamb\u00e9m conforme o delegado, a den\u00fancia vai ser devolvida ao Minist\u00e9rio da Integra\u00e7\u00e3o para que o governo federal tome as provid\u00eancias.<\/p>\n<p>\u201cComo n\u00e3o foi constatado nenhum crime cabe agora ao minist\u00e9rio entrar em contato com entidades e \u00f3rg\u00e3os do Estado para avaliar as medidas necess\u00e1rias, como a demoli\u00e7\u00e3o das pontes irregulares e constru\u00e7\u00e3o de novos equipamentos que permitam a vaz\u00e3o normal das \u00e1guas\u201d, afirmou o delegado.<\/p>\n<p>Nessa ter\u00e7a (8), o Minist\u00e9rio da Integra\u00e7\u00e3o Nacional disse que os\u00a0supostos desvios de \u00e1gua da transposi\u00e7\u00e3o\u00a0teriam causado uma perda equivalente a mais de 20 milh\u00f5es de metros c\u00fabicos de \u00e1gua nos \u00faltimos dois meses e meio.<\/p>\n<p>Nesta quarta (9), o minist\u00e9rio afirmou que n\u00e3o havia recebido notifica\u00e7\u00e3o da Pol\u00edcia Civil sobre o assunto e que aguarda a conclus\u00e3o das investiga\u00e7\u00f5es, assim como a manifesta\u00e7\u00e3o do Minist\u00e9rio P\u00fablico para se posicionar.<\/p>\n<p><strong>CARIRI EM A\u00c7\u00c3O<\/strong><\/p>\n<p><em>Com Portal Correio \/Foto: Google<\/em><\/p>\n<p><strong>Leia mais not\u00edcias em\u00a0<\/strong><a href=\"http:\/\/www.caririemacao.com\/\"><strong>caririemacao.com<\/strong><\/a><strong>, siga nossa p\u00e1gina no\u00a0<\/strong><a href=\"https:\/\/www.facebook.com\/CaririEmAcao\/?ref=aymt_homepage_panel\"><strong>Facebook<\/strong><\/a>,<strong>\u00a0<\/strong><a href=\"https:\/\/www.instagram.com\/cariri_em_acao\/?hl=pt-br\"><strong>Instagram<\/strong><\/a><strong>\u00a0e <\/strong><a href=\"https:\/\/www.youtube.com\/channel\/UCAptA0jQuYQy8vMhLt2m4qg\"><strong>Youtube<\/strong><\/a><strong>\u00a0e veja nossas mat\u00e9rias, v\u00eddeos e fotos. Voc\u00ea tamb\u00e9m pode enviar informa\u00e7\u00f5es \u00e0 Reda\u00e7\u00e3o do Portal Cariri em A\u00e7\u00e3o pelo WhatsApp (83) 9 9634.5791, (83) 9 9601-1162.<\/strong><\/p>\n","protected":false},"excerpt":{"rendered":"<p>Uma fiscaliza\u00e7\u00e3o feita pela Pol\u00edcia Civil ao longo de 100 quil\u00f4metros no curso da transposi\u00e7\u00e3o do S\u00e3o Francisco na Para\u00edba descartou que haja desvios de&hellip; <\/p>\n","protected":false},"author":2,"featured_media":25741,"comment_status":"closed","ping_status":"closed","sticky":false,"template":"","format":"standard","meta":{"sfsi_plus_gutenberg_text_before_share":"","sfsi_plus_gutenberg_show_text_before_share":"","sfsi_plus_gutenberg_icon_type":"","sfsi_plus_gutenberg_icon_alignemt":"","sfsi_plus_gutenburg_max_per_row":"","footnotes":""},"categories":[2],"tags":[],"class_list":["post-25772","post","type-post","status-publish","format-standard","has-post-thumbnail","hentry","category-geral"],"_links":{"self":[{"href":"https:\/\/www.caririemacao.com\/1\/wp-json\/wp\/v2\/posts\/25772","targetHints":{"allow":["GET"]}}],"collection":[{"href":"https:\/\/www.caririemacao.com\/1\/wp-json\/wp\/v2\/posts"}],"about":[{"href":"https:\/\/www.caririemacao.com\/1\/wp-json\/wp\/v2\/types\/post"}],"author":[{"embeddable":true,"href":"https:\/\/www.caririemacao.com\/1\/wp-json\/wp\/v2\/users\/2"}],"replies":[{"embeddable":true,"href":"https:\/\/www.caririemacao.com\/1\/wp-json\/wp\/v2\/comments?post=25772"}],"version-history":[{"count":0,"href":"https:\/\/www.caririemacao.com\/1\/wp-json\/wp\/v2\/posts\/25772\/revisions"}],"wp:featuredmedia":[{"embeddable":true,"href":"https:\/\/www.caririemacao.com\/1\/wp-json\/wp\/v2\/media\/25741"}],"wp:attachment":[{"href":"https:\/\/www.caririemacao.com\/1\/wp-json\/wp\/v2\/media?parent=25772"}],"wp:term":[{"taxonomy":"category","embeddable":true,"href":"https:\/\/www.caririemacao.com\/1\/wp-json\/wp\/v2\/categories?post=25772"},{"taxonomy":"post_tag","embeddable":true,"href":"https:\/\/www.caririemacao.com\/1\/wp-json\/wp\/v2\/tags?post=25772"}],"curies":[{"name":"wp","href":"https:\/\/api.w.org\/{rel}","templated":true}]}}