{"id":257878,"date":"2022-10-11T06:41:23","date_gmt":"2022-10-11T09:41:23","guid":{"rendered":"https:\/\/www.caririemacao.com\/1\/?p=257878"},"modified":"2022-10-11T06:41:23","modified_gmt":"2022-10-11T09:41:23","slug":"lula-recebe-apoio-de-personalidades-da-sociedade-civil","status":"publish","type":"post","link":"https:\/\/www.caririemacao.com\/1\/2022\/10\/11\/lula-recebe-apoio-de-personalidades-da-sociedade-civil\/","title":{"rendered":"Lula recebe apoio de personalidades da sociedade civil"},"content":{"rendered":"<h3 class=\"col-10 offset-1 animated fadeInDown dealy-900 display-8 display-md-8 alt-font font-italic my-1 text-center\">Nomes da economia, educa\u00e7\u00e3o e meio ambiente se reuniram com Lula<\/h3>\n<p>O candidato a presidente Luiz In\u00e1cio Lula da Silva (PT) se encontrou com personalidades da sociedade civil de diferentes \u00e1reas, na tarde de ontem segunda-feira (10), em S\u00e3o Paulo. O evento reuniu nomes de destaque na economia, educa\u00e7\u00e3o, meio ambiente, entre outros setores, al\u00e9m de lideran\u00e7as pol\u00edticas, empres\u00e1rios e jornalistas.<img decoding=\"async\" data-src=\"https:\/\/agenciabrasil.ebc.com.br\/ebc.png?id=1487428&amp;o=node\" src=\"data:image\/svg+xml;base64,PHN2ZyB3aWR0aD0iMSIgaGVpZ2h0PSIxIiB4bWxucz0iaHR0cDovL3d3dy53My5vcmcvMjAwMC9zdmciPjwvc3ZnPg==\" class=\"lazyload\" \/><img decoding=\"async\" data-src=\"https:\/\/agenciabrasil.ebc.com.br\/ebc.gif?id=1487428&amp;o=node\" src=\"data:image\/svg+xml;base64,PHN2ZyB3aWR0aD0iMSIgaGVpZ2h0PSIxIiB4bWxucz0iaHR0cDovL3d3dy53My5vcmcvMjAwMC9zdmciPjwvc3ZnPg==\" class=\"lazyload\" \/><\/p>\n<p>Ap\u00f3s ouvir diversas sugest\u00f5es, Lula pediu apoio para construir uma \u201cgovernan\u00e7a pol\u00edtica\u201d.\u00a0 Ele classificou o momento pol\u00edtico do pa\u00eds como grave e criticou o presidente Jair Bolsonaro, seu advers\u00e1rio neste segundo turno.<\/p>\n<p>Outro ponto abordado pelo ex-presidente foi a necessidade de dar materialidade \u00e0 ideia de democracia, para que a popula\u00e7\u00e3o n\u00e3o perca a esperan\u00e7a nesse modelo de organiza\u00e7\u00e3o da sociedade.\u00a0&#8220;A democracia n\u00e3o \u00e9 s\u00f3 o povo gritar que t\u00e1 fome, ele tem que comer. N\u00e3o \u00e9 s\u00f3 ele dizer que quer morar, ele tem que morar&#8221;.<\/p>\n<p>O encontro serviu tamb\u00e9m para que o grupo Derrubando Muros entregasse para a campanha de Lula um manifesto intitulado Agenda Inadi\u00e1vel, que foi elaborado nos \u00faltimos tr\u00eas anos por uma centena de intelectuais. O documento de 75 p\u00e1ginas apresenta \u201cpropostas de pol\u00edticas p\u00fablicas para um Brasil democr\u00e1tico com justi\u00e7a, prosperidade e esperan\u00e7a\u201d em diversas \u00e1reas, como educa\u00e7\u00e3o, sa\u00fade, seguran\u00e7a p\u00fablica, economia, geopol\u00edtica e meio ambiente. O grupo declarou apoio \u00e0 Lula no segundo turno.<\/p>\n<p>FONTE: Ag\u00eancia Brasil<\/p>\n","protected":false},"excerpt":{"rendered":"<p>Nomes da economia, educa\u00e7\u00e3o e meio ambiente se reuniram com Lula O candidato a presidente Luiz In\u00e1cio Lula da Silva (PT) se encontrou com personalidades&hellip; <\/p>\n","protected":false},"author":6,"featured_media":257879,"comment_status":"closed","ping_status":"closed","sticky":false,"template":"","format":"standard","meta":{"sfsi_plus_gutenberg_text_before_share":"","sfsi_plus_gutenberg_show_text_before_share":"","sfsi_plus_gutenberg_icon_type":"","sfsi_plus_gutenberg_icon_alignemt":"","sfsi_plus_gutenburg_max_per_row":"","footnotes":""},"categories":[50,11],"tags":[],"class_list":["post-257878","post","type-post","status-publish","format-standard","has-post-thumbnail","hentry","category-destaque","category-politica"],"_links":{"self":[{"href":"https:\/\/www.caririemacao.com\/1\/wp-json\/wp\/v2\/posts\/257878","targetHints":{"allow":["GET"]}}],"collection":[{"href":"https:\/\/www.caririemacao.com\/1\/wp-json\/wp\/v2\/posts"}],"about":[{"href":"https:\/\/www.caririemacao.com\/1\/wp-json\/wp\/v2\/types\/post"}],"author":[{"embeddable":true,"href":"https:\/\/www.caririemacao.com\/1\/wp-json\/wp\/v2\/users\/6"}],"replies":[{"embeddable":true,"href":"https:\/\/www.caririemacao.com\/1\/wp-json\/wp\/v2\/comments?post=257878"}],"version-history":[{"count":1,"href":"https:\/\/www.caririemacao.com\/1\/wp-json\/wp\/v2\/posts\/257878\/revisions"}],"predecessor-version":[{"id":257880,"href":"https:\/\/www.caririemacao.com\/1\/wp-json\/wp\/v2\/posts\/257878\/revisions\/257880"}],"wp:featuredmedia":[{"embeddable":true,"href":"https:\/\/www.caririemacao.com\/1\/wp-json\/wp\/v2\/media\/257879"}],"wp:attachment":[{"href":"https:\/\/www.caririemacao.com\/1\/wp-json\/wp\/v2\/media?parent=257878"}],"wp:term":[{"taxonomy":"category","embeddable":true,"href":"https:\/\/www.caririemacao.com\/1\/wp-json\/wp\/v2\/categories?post=257878"},{"taxonomy":"post_tag","embeddable":true,"href":"https:\/\/www.caririemacao.com\/1\/wp-json\/wp\/v2\/tags?post=257878"}],"curies":[{"name":"wp","href":"https:\/\/api.w.org\/{rel}","templated":true}]}}