{"id":257884,"date":"2022-10-11T06:46:07","date_gmt":"2022-10-11T09:46:07","guid":{"rendered":"https:\/\/www.caririemacao.com\/1\/?p=257884"},"modified":"2022-10-11T06:46:07","modified_gmt":"2022-10-11T09:46:07","slug":"anvisa-autoriza-ampliacao-da-validade-de-vacina-da-pfizer","status":"publish","type":"post","link":"https:\/\/www.caririemacao.com\/1\/2022\/10\/11\/anvisa-autoriza-ampliacao-da-validade-de-vacina-da-pfizer\/","title":{"rendered":"Anvisa autoriza amplia\u00e7\u00e3o da validade de vacina da Pfizer"},"content":{"rendered":"<h3 class=\"col-10 offset-1 animated fadeInDown dealy-900 display-8 display-md-8 alt-font font-italic my-1 text-center\">Prazo de validade passa a ser de seis e tr\u00eas meses adicionais<\/h3>\n<p>A Ag\u00eancia Nacional de Vigil\u00e2ncia Sanit\u00e1ria (Anvisa) autorizou ontem (10) a amplia\u00e7\u00e3o do prazo de validade de vacinas Comirnaty (Pfizer\/Wyeth) contra a covid-19. Segundo o \u00f3rg\u00e3o, o prazo ser\u00e1 de 15 meses para o imunizante destinado a adultos, que \u00e9 identificado com a tampa roxa. <img decoding=\"async\" data-src=\"https:\/\/agenciabrasil.ebc.com.br\/ebc.png?id=1487425&amp;o=node\" src=\"data:image\/svg+xml;base64,PHN2ZyB3aWR0aD0iMSIgaGVpZ2h0PSIxIiB4bWxucz0iaHR0cDovL3d3dy53My5vcmcvMjAwMC9zdmciPjwvc3ZnPg==\" class=\"lazyload\" \/><img decoding=\"async\" data-src=\"https:\/\/agenciabrasil.ebc.com.br\/ebc.gif?id=1487425&amp;o=node\" src=\"data:image\/svg+xml;base64,PHN2ZyB3aWR0aD0iMSIgaGVpZ2h0PSIxIiB4bWxucz0iaHR0cDovL3d3dy53My5vcmcvMjAwMC9zdmciPjwvc3ZnPg==\" class=\"lazyload\" \/><\/p>\n<p>A Anvisa informou que a medida vale para vacinas com validade inicial de nove e 12 meses, que passar\u00e3o a\u00a0ter\u00a0seis e tr\u00eas meses adicionais, respectivamente.<\/p>\n<p>A medida foi feita a partir da aprova\u00e7\u00e3o da ger\u00eancia de produtos biol\u00f3gicos da ag\u00eancia.<\/p>\n<p>&#8220;Tamb\u00e9m foi considerado que as medidas indicadas pela empresa Pfizer\/Wyeth permitem a manuten\u00e7\u00e3o da\u202frastreabilidade e identifica\u00e7\u00e3o quanto ao prazo de validade dos lotes j\u00e1 distribu\u00eddos da vacina&#8221;, afirmou o \u00f3rg\u00e3o.<\/p>\n<p>A vacina Comirnaty na vers\u00e3o pedi\u00e1trica (tampas laranja e vinho) n\u00e3o tiveram altera\u00e7\u00f5es e continuam com prazo de validade de 12 meses.<\/p>\n<p>FONTE: Ag\u00eancia Brasil<\/p>\n","protected":false},"excerpt":{"rendered":"<p>Prazo de validade passa a ser de seis e tr\u00eas meses adicionais A Ag\u00eancia Nacional de Vigil\u00e2ncia Sanit\u00e1ria (Anvisa) autorizou ontem (10) a amplia\u00e7\u00e3o do&hellip; <\/p>\n","protected":false},"author":6,"featured_media":257885,"comment_status":"closed","ping_status":"closed","sticky":false,"template":"","format":"standard","meta":{"sfsi_plus_gutenberg_text_before_share":"","sfsi_plus_gutenberg_show_text_before_share":"","sfsi_plus_gutenberg_icon_type":"","sfsi_plus_gutenberg_icon_alignemt":"","sfsi_plus_gutenburg_max_per_row":"","footnotes":""},"categories":[50,16],"tags":[],"class_list":["post-257884","post","type-post","status-publish","format-standard","has-post-thumbnail","hentry","category-destaque","category-saude"],"_links":{"self":[{"href":"https:\/\/www.caririemacao.com\/1\/wp-json\/wp\/v2\/posts\/257884","targetHints":{"allow":["GET"]}}],"collection":[{"href":"https:\/\/www.caririemacao.com\/1\/wp-json\/wp\/v2\/posts"}],"about":[{"href":"https:\/\/www.caririemacao.com\/1\/wp-json\/wp\/v2\/types\/post"}],"author":[{"embeddable":true,"href":"https:\/\/www.caririemacao.com\/1\/wp-json\/wp\/v2\/users\/6"}],"replies":[{"embeddable":true,"href":"https:\/\/www.caririemacao.com\/1\/wp-json\/wp\/v2\/comments?post=257884"}],"version-history":[{"count":1,"href":"https:\/\/www.caririemacao.com\/1\/wp-json\/wp\/v2\/posts\/257884\/revisions"}],"predecessor-version":[{"id":257886,"href":"https:\/\/www.caririemacao.com\/1\/wp-json\/wp\/v2\/posts\/257884\/revisions\/257886"}],"wp:featuredmedia":[{"embeddable":true,"href":"https:\/\/www.caririemacao.com\/1\/wp-json\/wp\/v2\/media\/257885"}],"wp:attachment":[{"href":"https:\/\/www.caririemacao.com\/1\/wp-json\/wp\/v2\/media?parent=257884"}],"wp:term":[{"taxonomy":"category","embeddable":true,"href":"https:\/\/www.caririemacao.com\/1\/wp-json\/wp\/v2\/categories?post=257884"},{"taxonomy":"post_tag","embeddable":true,"href":"https:\/\/www.caririemacao.com\/1\/wp-json\/wp\/v2\/tags?post=257884"}],"curies":[{"name":"wp","href":"https:\/\/api.w.org\/{rel}","templated":true}]}}