{"id":257887,"date":"2022-10-11T06:48:05","date_gmt":"2022-10-11T09:48:05","guid":{"rendered":"https:\/\/www.caririemacao.com\/1\/?p=257887"},"modified":"2022-10-11T06:48:05","modified_gmt":"2022-10-11T09:48:05","slug":"petrobras-anuncia-reducao-de-5-no-preco-do-gas-natural","status":"publish","type":"post","link":"https:\/\/www.caririemacao.com\/1\/2022\/10\/11\/petrobras-anuncia-reducao-de-5-no-preco-do-gas-natural\/","title":{"rendered":"Petrobras anuncia redu\u00e7\u00e3o de 5% no pre\u00e7o do g\u00e1s natural"},"content":{"rendered":"<h3 class=\"col-10 offset-1 animated fadeInDown dealy-900 display-8 display-md-8 alt-font font-italic my-1 text-center\" style=\"text-align: center;\"><em>Os novos valores ser\u00e3o atualizados em 1\u00ba de novembro<\/em><\/h3>\n<p>A Petrobras anunciou ontem (10) que o pre\u00e7o praticado na comercializa\u00e7\u00e3o do g\u00e1s natural com as distribuidoras sofrer\u00e1 uma redu\u00e7\u00e3o m\u00e9dia de 5%. Os novos valores ser\u00e3o atualizados em 1\u00ba de novembro e vigoram at\u00e9 janeiro de 2023. O reajuste final repassado ao consumidor \u00e9 incerto, j\u00e1 que outros fatores exercem influ\u00eancia sobre o mercado como as margens de lucro das distribuidoras e dos postos de revenda e os tributos federais e estaduais.<img decoding=\"async\" data-src=\"https:\/\/agenciabrasil.ebc.com.br\/ebc.png?id=1487396&amp;o=node\" src=\"data:image\/svg+xml;base64,PHN2ZyB3aWR0aD0iMSIgaGVpZ2h0PSIxIiB4bWxucz0iaHR0cDovL3d3dy53My5vcmcvMjAwMC9zdmciPjwvc3ZnPg==\" class=\"lazyload\" \/><img decoding=\"async\" data-src=\"https:\/\/agenciabrasil.ebc.com.br\/ebc.gif?id=1487396&amp;o=node\" src=\"data:image\/svg+xml;base64,PHN2ZyB3aWR0aD0iMSIgaGVpZ2h0PSIxIiB4bWxucz0iaHR0cDovL3d3dy53My5vcmcvMjAwMC9zdmciPjwvc3ZnPg==\" class=\"lazyload\" \/><\/p>\n<p>Essa \u00e9 a segunda atualiza\u00e7\u00e3o anunciada em 2022. Em maio, houve um\u00a0<a href=\"https:\/\/agenciabrasil.ebc.com.br\/economia\/noticia\/2022-04\/petrobras-reajusta-gas-natural-em-19-no-domingo\" target=\"_blank\" rel=\"noopener\">aumento de 19%<\/a>. Desde 2016, a Petrobras adota a Pol\u00edtica de Pre\u00e7os de Paridade de Importa\u00e7\u00e3o (PPI), que vincula os pre\u00e7os praticados no pa\u00eds aos que s\u00e3o praticados no mercado internacional tendo como refer\u00eancia o pre\u00e7o do barril de petr\u00f3leo tipo brent, que \u00e9 calculado em d\u00f3lar.<\/p>\n<p>De acordo com nota divulgada pela estatal, a redu\u00e7\u00e3o respeita contratos acordados com as distribuidoras. A Petrobras informa que, no \u00faltimo trimestre, o petr\u00f3leo teve queda 11,5% e o c\u00e2mbio sofreu uma deprecia\u00e7\u00e3o de 6,5%. A estatal disse ainda que pratica uma atualiza\u00e7\u00e3o trimestral no pre\u00e7o do g\u00e1s natural para atenuar volatilidades moment\u00e2neas e aliviar o impacto de oscila\u00e7\u00f5es bruscas e pontuais no mercado externo, assegurando maior previsibilidade.<\/p>\n<p>&#8220;Os contratos s\u00e3o p\u00fablicos e divulgados no site da Ag\u00eancia Nacional do Petr\u00f3leo, G\u00e1s Natural e Biocombust\u00edveis (ANP)&#8221;, diz a nota da Petrobras.<\/p>\n<p>Para os botij\u00f5es a base de g\u00e1s liquefeito de petr\u00f3leo (GLP), o reajuste n\u00e3o gera impactos. A medida dever\u00e1 beneficiar principalmente moradores que consomem g\u00e1s natural canalizado e motoristas com carros que utilizam G\u00e1s Natural Veicular (GNV). Setores da ind\u00fastria que usam o g\u00e1s natural como fonte de energia tamb\u00e9m s\u00e3o favorecidos. Isso ocorre, por exemplo, na produ\u00e7\u00e3o qu\u00edmica, metal\u00fargica, farmac\u00eautica e t\u00eaxtil.<\/p>\n<p>FONTE: Ag\u00eancia Brasil<\/p>\n","protected":false},"excerpt":{"rendered":"<p>Os novos valores ser\u00e3o atualizados em 1\u00ba de novembro A Petrobras anunciou ontem (10) que o pre\u00e7o praticado na comercializa\u00e7\u00e3o do g\u00e1s natural com as&hellip; <\/p>\n","protected":false},"author":6,"featured_media":257888,"comment_status":"closed","ping_status":"closed","sticky":false,"template":"","format":"standard","meta":{"sfsi_plus_gutenberg_text_before_share":"","sfsi_plus_gutenberg_show_text_before_share":"","sfsi_plus_gutenberg_icon_type":"","sfsi_plus_gutenberg_icon_alignemt":"","sfsi_plus_gutenburg_max_per_row":"","footnotes":""},"categories":[50,2],"tags":[],"class_list":["post-257887","post","type-post","status-publish","format-standard","has-post-thumbnail","hentry","category-destaque","category-geral"],"_links":{"self":[{"href":"https:\/\/www.caririemacao.com\/1\/wp-json\/wp\/v2\/posts\/257887","targetHints":{"allow":["GET"]}}],"collection":[{"href":"https:\/\/www.caririemacao.com\/1\/wp-json\/wp\/v2\/posts"}],"about":[{"href":"https:\/\/www.caririemacao.com\/1\/wp-json\/wp\/v2\/types\/post"}],"author":[{"embeddable":true,"href":"https:\/\/www.caririemacao.com\/1\/wp-json\/wp\/v2\/users\/6"}],"replies":[{"embeddable":true,"href":"https:\/\/www.caririemacao.com\/1\/wp-json\/wp\/v2\/comments?post=257887"}],"version-history":[{"count":1,"href":"https:\/\/www.caririemacao.com\/1\/wp-json\/wp\/v2\/posts\/257887\/revisions"}],"predecessor-version":[{"id":257889,"href":"https:\/\/www.caririemacao.com\/1\/wp-json\/wp\/v2\/posts\/257887\/revisions\/257889"}],"wp:featuredmedia":[{"embeddable":true,"href":"https:\/\/www.caririemacao.com\/1\/wp-json\/wp\/v2\/media\/257888"}],"wp:attachment":[{"href":"https:\/\/www.caririemacao.com\/1\/wp-json\/wp\/v2\/media?parent=257887"}],"wp:term":[{"taxonomy":"category","embeddable":true,"href":"https:\/\/www.caririemacao.com\/1\/wp-json\/wp\/v2\/categories?post=257887"},{"taxonomy":"post_tag","embeddable":true,"href":"https:\/\/www.caririemacao.com\/1\/wp-json\/wp\/v2\/tags?post=257887"}],"curies":[{"name":"wp","href":"https:\/\/api.w.org\/{rel}","templated":true}]}}