{"id":257896,"date":"2022-10-11T06:54:52","date_gmt":"2022-10-11T09:54:52","guid":{"rendered":"https:\/\/www.caririemacao.com\/1\/?p=257896"},"modified":"2022-10-11T06:54:52","modified_gmt":"2022-10-11T09:54:52","slug":"covid-19-brasil-registra-26-mortes-e-46-mil-casos-em-24h","status":"publish","type":"post","link":"https:\/\/www.caririemacao.com\/1\/2022\/10\/11\/covid-19-brasil-registra-26-mortes-e-46-mil-casos-em-24h\/","title":{"rendered":"Covid-19: Brasil registra 26 mortes e 4,6 mil casos em 24h"},"content":{"rendered":"<p data-fetch=\"true\">As secretarias estaduais e municipais de Sa\u00fade registraram 4.682 novos casos de covid-19 na \u00faltimas 24 horas em todo o pa\u00eds. De acordo com os \u00f3rg\u00e3os, foram confirmadas tamb\u00e9m 26 mortes por complica\u00e7\u00f5es associadas \u00e0 doen\u00e7a no mesmo per\u00edodo.<\/p>\n<p>Os dados est\u00e3o na atualiza\u00e7\u00e3o do Minist\u00e9rio da Sa\u00fade divulgada nesta\u00a0segunda-feira (10), com exce\u00e7\u00e3o das informa\u00e7\u00f5es do Cear\u00e1 e Mato Grosso do Sul, que n\u00e3o foram atualizadas pelos governos estaduais, segundo a pr\u00f3pria pasta federal, que sistematiza os registros.<\/p>\n<p>Com as novas informa\u00e7\u00f5es, o total de pessoas infectadas pelo novo coronav\u00edrus durante a pandemia j\u00e1 soma 34.724.189.<\/p>\n<p>O n\u00famero de casos em acompanhamento de covid-19 est\u00e1 em 111.194. O termo \u00e9 dado para designar casos notificados nos \u00faltimos 14 dias que n\u00e3o tiveram alta e nem resultaram em \u00f3bito.<\/p>\n<p data-fetch=\"true\">Com os n\u00fameros de\u00a0hoje, o total de \u00f3bitos alcan\u00e7ou 686.877, desde o in\u00edcio da pandemia. Ainda h\u00e1 3.189 mortes em investiga\u00e7\u00e3o. As ocorr\u00eancias envolvem casos em que o paciente faleceu, mas a investiga\u00e7\u00e3o se a causa foi covid-19 ainda demanda exames e procedimentos complementares.<\/p>\n<p>At\u00e9 agora, 33.926.118 pessoas se recuperaram da covid-19. O n\u00famero corresponde a mais de 97% dos infectados desde o in\u00edcio da pandemia.<\/p>\n<p>Aos s\u00e1bados, domingos e segundas-feiras, o n\u00famero registrado di\u00e1rio tende a ser menor pela dificuldade de alimenta\u00e7\u00e3o dos bancos de dados pelas secretarias municipais e estaduais de Sa\u00fade. \u00c0s\u00a0ter\u00e7as-feiras, o quantitativo, em geral, \u00e9 maior pela atualiza\u00e7\u00e3o dos casos acumulados nos fins de semana.<\/p>\n<p data-fetch=\"true\"><strong>Estados<\/strong><br \/>\nSegundo o balan\u00e7o do Minist\u00e9rio da Sa\u00fade, no topo do ranking de estados com mais mortes por covid-19 registradas at\u00e9 o momento est\u00e3o S\u00e3o Paulo (175.123), Rio\u00a0de Janeiro\u00a0(75.757), Minas Gerais (63.817), Paran\u00e1 (45.369) e Rio Grande do Sul (41.129).<\/p>\n<p>J\u00e1 os estados com menos \u00f3bitos resultantes da pandemia s\u00e3o Acre (2.029), Amap\u00e1 (2.163), Roraima (2.173), Tocantins (4.205) e Sergipe (6.439).<\/p>\n<p><strong>Vacina\u00e7\u00e3o<\/strong><br \/>\nAt\u00e9 este\u00a0s\u00e1bado, o vacin\u00f4metro do Minist\u00e9rio da Sa\u00fade apontava que um total de 485.075.897 doses de vacinas contra covid-19 foram aplicadas no pa\u00eds, desde o in\u00edcio da campanha de imuniza\u00e7\u00e3o. Destas aplica\u00e7\u00f5es totais de vacina, 180 milh\u00f5es s\u00e3o primeira dose, 161,5 milh\u00f5es s\u00e3o\u00a0segunda\u00a0e 5 milh\u00f5es s\u00e3o dose \u00fanica.<\/p>\n<p data-fetch=\"true\">A dose de refor\u00e7o j\u00e1 foi aplicada em mais de 99,2 milh\u00f5es de pessoas e a\u00a0segunda\u00a0dose extra ou\u00a0quarta\u00a0dose, em pouco mais de 34,3 milh\u00f5es. O painel registra ainda 4,8 milh\u00f5es de doses como \u201cadicionais\u201d, que s\u00e3o aquelas aplicadas em quem tinha recebido o imunizante da Janssen, de dose \u00fanica.<\/p>\n<p data-fetch=\"true\">FONTE: Resumo PB<\/p>\n","protected":false},"excerpt":{"rendered":"<p>As secretarias estaduais e municipais de Sa\u00fade registraram 4.682 novos casos de covid-19 na \u00faltimas 24 horas em todo o pa\u00eds. De acordo com os&hellip; <\/p>\n","protected":false},"author":6,"featured_media":257897,"comment_status":"closed","ping_status":"closed","sticky":false,"template":"","format":"standard","meta":{"sfsi_plus_gutenberg_text_before_share":"","sfsi_plus_gutenberg_show_text_before_share":"","sfsi_plus_gutenberg_icon_type":"","sfsi_plus_gutenberg_icon_alignemt":"","sfsi_plus_gutenburg_max_per_row":"","footnotes":""},"categories":[124,50],"tags":[],"class_list":["post-257896","post","type-post","status-publish","format-standard","has-post-thumbnail","hentry","category-covid-19","category-destaque"],"_links":{"self":[{"href":"https:\/\/www.caririemacao.com\/1\/wp-json\/wp\/v2\/posts\/257896","targetHints":{"allow":["GET"]}}],"collection":[{"href":"https:\/\/www.caririemacao.com\/1\/wp-json\/wp\/v2\/posts"}],"about":[{"href":"https:\/\/www.caririemacao.com\/1\/wp-json\/wp\/v2\/types\/post"}],"author":[{"embeddable":true,"href":"https:\/\/www.caririemacao.com\/1\/wp-json\/wp\/v2\/users\/6"}],"replies":[{"embeddable":true,"href":"https:\/\/www.caririemacao.com\/1\/wp-json\/wp\/v2\/comments?post=257896"}],"version-history":[{"count":1,"href":"https:\/\/www.caririemacao.com\/1\/wp-json\/wp\/v2\/posts\/257896\/revisions"}],"predecessor-version":[{"id":257898,"href":"https:\/\/www.caririemacao.com\/1\/wp-json\/wp\/v2\/posts\/257896\/revisions\/257898"}],"wp:featuredmedia":[{"embeddable":true,"href":"https:\/\/www.caririemacao.com\/1\/wp-json\/wp\/v2\/media\/257897"}],"wp:attachment":[{"href":"https:\/\/www.caririemacao.com\/1\/wp-json\/wp\/v2\/media?parent=257896"}],"wp:term":[{"taxonomy":"category","embeddable":true,"href":"https:\/\/www.caririemacao.com\/1\/wp-json\/wp\/v2\/categories?post=257896"},{"taxonomy":"post_tag","embeddable":true,"href":"https:\/\/www.caririemacao.com\/1\/wp-json\/wp\/v2\/tags?post=257896"}],"curies":[{"name":"wp","href":"https:\/\/api.w.org\/{rel}","templated":true}]}}