{"id":257899,"date":"2022-10-11T06:57:36","date_gmt":"2022-10-11T09:57:36","guid":{"rendered":"https:\/\/www.caririemacao.com\/1\/?p=257899"},"modified":"2022-10-11T06:57:36","modified_gmt":"2022-10-11T09:57:36","slug":"agenda-casada-luciano-cartaxo-deve-oficializar-apoio-a-joao-azevedo-nesta-terca","status":"publish","type":"post","link":"https:\/\/www.caririemacao.com\/1\/2022\/10\/11\/agenda-casada-luciano-cartaxo-deve-oficializar-apoio-a-joao-azevedo-nesta-terca\/","title":{"rendered":"Agenda casada: Luciano Cartaxo deve oficializar apoio a Jo\u00e3o Azev\u00eado nesta ter\u00e7a"},"content":{"rendered":"<p>O ex-prefeito de Jo\u00e3o Pessoa e deputado estadual eleito pelo PT, Luciano Cartaxo, deve anunciar, hoje (11), apoio a Jo\u00e3o Azev\u00eado (PSB) no segundo turno das elei\u00e7\u00f5es. A coletiva ser\u00e1 realizada na sede estadual do Partido dos Trabalhadores. Cartaxo foi eleito senador com 22.272 votos, segundo dados do Tribunal Superior Eleitoral (TSE).<\/p>\n<p>\u201cAmanh\u00e3, \u00e0s 10h, estaremos na Sede do PT anunciando o posicionamento do nosso agrupamento pol\u00edtico no 2\u00b0 turno das elei\u00e7\u00f5es na Para\u00edba\u201d, escreveu Luciano Cartaxo em seu perfil pessoal no Twitter, no final da tarde desta segunda-feira. Na semana passada, a Executiva Estadual do PT aprovou, por unanimidade, o apoio do partido \u00e0 reelei\u00e7\u00e3o do governador Jo\u00e3o Azev\u00eado neste segundo turno.<\/p>\n<figure class=\"pk-lightbox-container aligncenter\" data-pk-uuid=\"e5s6dsbq2\"><a class=\"pk-image-popup pk-zoom-icon-popup\" href=\"https:\/\/pbagora.s3.amazonaws.com\/2022\/10\/11055956\/LUCIANO-CARTAXO-600x316-1.jpeg\"><img fetchpriority=\"high\" decoding=\"async\" class=\"size-full wp-image-704931 pk-lqip lazyautosizes pk-lazyloaded\" src=\"https:\/\/pbagora.s3.amazonaws.com\/2022\/10\/11055956\/LUCIANO-CARTAXO-600x316-1.jpeg\" sizes=\"600px\" srcset=\"https:\/\/pbagora.s3.amazonaws.com\/2022\/10\/11055956\/LUCIANO-CARTAXO-600x316-1.jpeg 600w, https:\/\/pbagora.s3.amazonaws.com\/2022\/10\/11055956\/LUCIANO-CARTAXO-600x316-1-300x158.jpeg 300w, https:\/\/pbagora.s3.amazonaws.com\/2022\/10\/11055956\/LUCIANO-CARTAXO-600x316-1-150x79.jpeg 150w, https:\/\/pbagora.s3.amazonaws.com\/2022\/10\/11055956\/LUCIANO-CARTAXO-600x316-1-380x200.jpeg 380w, https:\/\/pbagora.s3.amazonaws.com\/2022\/10\/11055956\/LUCIANO-CARTAXO-600x316-1-80x42.jpeg 80w\" alt=\"\" width=\"600\" height=\"316\" data-pk-sizes=\"auto\" data-ls-sizes=\"(max-width: 600px) 100vw, 600px\" data-pk-src=\"https:\/\/pbagora.s3.amazonaws.com\/2022\/10\/11055956\/LUCIANO-CARTAXO-600x316-1.jpeg\" data-pk-srcset=\"https:\/\/pbagora.s3.amazonaws.com\/2022\/10\/11055956\/LUCIANO-CARTAXO-600x316-1.jpeg 600w, https:\/\/pbagora.s3.amazonaws.com\/2022\/10\/11055956\/LUCIANO-CARTAXO-600x316-1-300x158.jpeg 300w, https:\/\/pbagora.s3.amazonaws.com\/2022\/10\/11055956\/LUCIANO-CARTAXO-600x316-1-150x79.jpeg 150w, https:\/\/pbagora.s3.amazonaws.com\/2022\/10\/11055956\/LUCIANO-CARTAXO-600x316-1-380x200.jpeg 380w, https:\/\/pbagora.s3.amazonaws.com\/2022\/10\/11055956\/LUCIANO-CARTAXO-600x316-1-80x42.jpeg 80w\" \/><\/a><\/figure>\n<p>A confirma\u00e7\u00e3o do fato tamb\u00e9m se d\u00e1 pela agenda do socialista que tem compromisso nesta ter\u00e7a-feira (11), justamente na sede as PT \u00e0s 10h.<\/p>\n<p>FONTE: Resumo PB<\/p>\n","protected":false},"excerpt":{"rendered":"<p>O ex-prefeito de Jo\u00e3o Pessoa e deputado estadual eleito pelo PT, Luciano Cartaxo, deve anunciar, hoje (11), apoio a Jo\u00e3o Azev\u00eado (PSB) no segundo turno&hellip; <\/p>\n","protected":false},"author":6,"featured_media":257900,"comment_status":"closed","ping_status":"closed","sticky":false,"template":"","format":"standard","meta":{"sfsi_plus_gutenberg_text_before_share":"","sfsi_plus_gutenberg_show_text_before_share":"","sfsi_plus_gutenberg_icon_type":"","sfsi_plus_gutenberg_icon_alignemt":"","sfsi_plus_gutenburg_max_per_row":"","footnotes":""},"categories":[50,104,11],"tags":[],"class_list":["post-257899","post","type-post","status-publish","format-standard","has-post-thumbnail","hentry","category-destaque","category-paraiba","category-politica"],"_links":{"self":[{"href":"https:\/\/www.caririemacao.com\/1\/wp-json\/wp\/v2\/posts\/257899","targetHints":{"allow":["GET"]}}],"collection":[{"href":"https:\/\/www.caririemacao.com\/1\/wp-json\/wp\/v2\/posts"}],"about":[{"href":"https:\/\/www.caririemacao.com\/1\/wp-json\/wp\/v2\/types\/post"}],"author":[{"embeddable":true,"href":"https:\/\/www.caririemacao.com\/1\/wp-json\/wp\/v2\/users\/6"}],"replies":[{"embeddable":true,"href":"https:\/\/www.caririemacao.com\/1\/wp-json\/wp\/v2\/comments?post=257899"}],"version-history":[{"count":1,"href":"https:\/\/www.caririemacao.com\/1\/wp-json\/wp\/v2\/posts\/257899\/revisions"}],"predecessor-version":[{"id":257901,"href":"https:\/\/www.caririemacao.com\/1\/wp-json\/wp\/v2\/posts\/257899\/revisions\/257901"}],"wp:featuredmedia":[{"embeddable":true,"href":"https:\/\/www.caririemacao.com\/1\/wp-json\/wp\/v2\/media\/257900"}],"wp:attachment":[{"href":"https:\/\/www.caririemacao.com\/1\/wp-json\/wp\/v2\/media?parent=257899"}],"wp:term":[{"taxonomy":"category","embeddable":true,"href":"https:\/\/www.caririemacao.com\/1\/wp-json\/wp\/v2\/categories?post=257899"},{"taxonomy":"post_tag","embeddable":true,"href":"https:\/\/www.caririemacao.com\/1\/wp-json\/wp\/v2\/tags?post=257899"}],"curies":[{"name":"wp","href":"https:\/\/api.w.org\/{rel}","templated":true}]}}