{"id":257903,"date":"2022-10-11T07:00:10","date_gmt":"2022-10-11T10:00:10","guid":{"rendered":"https:\/\/www.caririemacao.com\/1\/?p=257903"},"modified":"2022-10-11T07:00:10","modified_gmt":"2022-10-11T10:00:10","slug":"joao-recebe-apoio-dos-prefeitos-de-sao-francisco-tavares-santa-ines-santa-cruz-vieiropolis-e-bernardino-batista","status":"publish","type":"post","link":"https:\/\/www.caririemacao.com\/1\/2022\/10\/11\/joao-recebe-apoio-dos-prefeitos-de-sao-francisco-tavares-santa-ines-santa-cruz-vieiropolis-e-bernardino-batista\/","title":{"rendered":"Jo\u00e3o recebe apoio dos prefeitos de S\u00e3o Francisco, Tavares, Santa In\u00eas, Santa Cruz, Vieir\u00f3polis e Bernardino Batista"},"content":{"rendered":"<p>O governador e candidato \u00e0 reelei\u00e7\u00e3o<strong>\u00a0Jo\u00e3o Azev\u00eado (PSB)<\/strong>, que disputa o segundo turno das elei\u00e7\u00f5es na Para\u00edba com Pedro Cunha Lima (PSDB), recebeu o apoio pol\u00edtico dos prefeitos de S\u00e3o Francisco, Tavares, Santa In\u00eas, Santa Cruz, Vieir\u00f3polis e Bernardino Batista. A ades\u00e3o foi selada durante encontro na segunda-feira (10.10).<\/p>\n<p>Prefeito de S\u00e3o Francisco, Ger\u00f4ncio J\u00fanior (Podemos) destacou os investimentos do estado no munic\u00edpio, o que, segundo ele, credencia a reelei\u00e7\u00e3o do governador. \u201cN\u00f3s temos compromisso com quem trabalha e fez muito pela Para\u00edba, por isso, temos como miss\u00e3o reeleger Jo\u00e3o\u201d.<\/p>\n<p>Aldo Andrade (Cidadania), prefeito de Bernardino Batista, garantiu esfor\u00e7o para reeleger governador. \u201cN\u00f3s temos gratid\u00e3o por tudo que Jo\u00e3o fez pelo nosso povo e pelas parcerias que fortaleceram os munic\u00edpios\u201d, comentou.<\/p>\n<p>Tamb\u00e9m estiveram no encontro os prefeitos F\u00e9lix Vieira (Santa In\u00eas), do PDT; C\u00f4co de Od\u00e1lio (Tavares), do Republicanos; C\u00e9lio da Usina (Vieir\u00f3polis), do Cidadania; Paulo C\u00e9sar (Santa Cruz), do PL; al\u00e9m do ex-prefeito de Riach\u00e3o do Po\u00e7o, Jeov\u00e1, do MDB.<\/p>\n<p>FONTE: Resumo PB<\/p>\n","protected":false},"excerpt":{"rendered":"<p>O governador e candidato \u00e0 reelei\u00e7\u00e3o\u00a0Jo\u00e3o Azev\u00eado (PSB), que disputa o segundo turno das elei\u00e7\u00f5es na Para\u00edba com Pedro Cunha Lima (PSDB), recebeu o apoio&hellip; <\/p>\n","protected":false},"author":6,"featured_media":257904,"comment_status":"closed","ping_status":"closed","sticky":false,"template":"","format":"standard","meta":{"sfsi_plus_gutenberg_text_before_share":"","sfsi_plus_gutenberg_show_text_before_share":"","sfsi_plus_gutenberg_icon_type":"","sfsi_plus_gutenberg_icon_alignemt":"","sfsi_plus_gutenburg_max_per_row":"","footnotes":""},"categories":[50,104,11],"tags":[],"class_list":["post-257903","post","type-post","status-publish","format-standard","has-post-thumbnail","hentry","category-destaque","category-paraiba","category-politica"],"_links":{"self":[{"href":"https:\/\/www.caririemacao.com\/1\/wp-json\/wp\/v2\/posts\/257903","targetHints":{"allow":["GET"]}}],"collection":[{"href":"https:\/\/www.caririemacao.com\/1\/wp-json\/wp\/v2\/posts"}],"about":[{"href":"https:\/\/www.caririemacao.com\/1\/wp-json\/wp\/v2\/types\/post"}],"author":[{"embeddable":true,"href":"https:\/\/www.caririemacao.com\/1\/wp-json\/wp\/v2\/users\/6"}],"replies":[{"embeddable":true,"href":"https:\/\/www.caririemacao.com\/1\/wp-json\/wp\/v2\/comments?post=257903"}],"version-history":[{"count":1,"href":"https:\/\/www.caririemacao.com\/1\/wp-json\/wp\/v2\/posts\/257903\/revisions"}],"predecessor-version":[{"id":257905,"href":"https:\/\/www.caririemacao.com\/1\/wp-json\/wp\/v2\/posts\/257903\/revisions\/257905"}],"wp:featuredmedia":[{"embeddable":true,"href":"https:\/\/www.caririemacao.com\/1\/wp-json\/wp\/v2\/media\/257904"}],"wp:attachment":[{"href":"https:\/\/www.caririemacao.com\/1\/wp-json\/wp\/v2\/media?parent=257903"}],"wp:term":[{"taxonomy":"category","embeddable":true,"href":"https:\/\/www.caririemacao.com\/1\/wp-json\/wp\/v2\/categories?post=257903"},{"taxonomy":"post_tag","embeddable":true,"href":"https:\/\/www.caririemacao.com\/1\/wp-json\/wp\/v2\/tags?post=257903"}],"curies":[{"name":"wp","href":"https:\/\/api.w.org\/{rel}","templated":true}]}}