{"id":257907,"date":"2022-10-11T09:40:25","date_gmt":"2022-10-11T12:40:25","guid":{"rendered":"https:\/\/www.caririemacao.com\/1\/?p=257907"},"modified":"2022-10-11T09:40:25","modified_gmt":"2022-10-11T12:40:25","slug":"prefeitura-de-sao-sebastiao-do-umbuzeiro-realiza-festa-em-comemoracao-ao-dia-das-criancas","status":"publish","type":"post","link":"https:\/\/www.caririemacao.com\/1\/2022\/10\/11\/prefeitura-de-sao-sebastiao-do-umbuzeiro-realiza-festa-em-comemoracao-ao-dia-das-criancas\/","title":{"rendered":"Prefeitura de S\u00e3o Sebasti\u00e3o do Umbuzeiro realiza festa em comemora\u00e7\u00e3o ao Dia das Crian\u00e7as"},"content":{"rendered":"<p>A Prefeitura Municipal de S\u00e3o Sebasti\u00e3o do Umbuzeiro, atrav\u00e9s da Secretaria Municipal de Assist\u00eancia Social e do Desenvolvimento Humano, realizou nesta segunda-feira (11), a festa em comemora\u00e7\u00e3o ao Dia das Crian\u00e7as.<\/p>\n<p>A festa iniciou \u00e0s 15 horas e contou com brinquedos, pipoca, algod\u00e3o doce, sorvetes, pula-pula, sorteio de brindes e muita anima\u00e7\u00e3o. O evento teve o apoio dos vereadores da base da administra\u00e7\u00e3o e secret\u00e1rios municipais deixando essa data muito especial para os pequenos.<\/p>\n<p>\u201cFico muito feliz em proporcionar alegria a essas crian\u00e7as. \u00c9 importante destacar que os trabalhos tiveram muitos envolvidos, quero agradecer especialmente a \u201cminha equipe\u201d por cumprir mais essa agenda com excel\u00eancia e todos que de alguma forma apoiaram o evento\u201d, disse o prefeito Adriano Wolff.<\/p>\n<p>&nbsp;<\/p>\n<p>Com Blog do Didi<\/p>\n","protected":false},"excerpt":{"rendered":"<p>A Prefeitura Municipal de S\u00e3o Sebasti\u00e3o do Umbuzeiro, atrav\u00e9s da Secretaria Municipal de Assist\u00eancia Social e do Desenvolvimento Humano, realizou nesta segunda-feira (11), a festa&hellip; <\/p>\n","protected":false},"author":6,"featured_media":257908,"comment_status":"closed","ping_status":"closed","sticky":false,"template":"","format":"standard","meta":{"sfsi_plus_gutenberg_text_before_share":"","sfsi_plus_gutenberg_show_text_before_share":"","sfsi_plus_gutenberg_icon_type":"","sfsi_plus_gutenberg_icon_alignemt":"","sfsi_plus_gutenburg_max_per_row":"","footnotes":""},"categories":[92],"tags":[],"class_list":["post-257907","post","type-post","status-publish","format-standard","has-post-thumbnail","hentry","category-sao-sebastiao-do-umbuzeiro"],"_links":{"self":[{"href":"https:\/\/www.caririemacao.com\/1\/wp-json\/wp\/v2\/posts\/257907","targetHints":{"allow":["GET"]}}],"collection":[{"href":"https:\/\/www.caririemacao.com\/1\/wp-json\/wp\/v2\/posts"}],"about":[{"href":"https:\/\/www.caririemacao.com\/1\/wp-json\/wp\/v2\/types\/post"}],"author":[{"embeddable":true,"href":"https:\/\/www.caririemacao.com\/1\/wp-json\/wp\/v2\/users\/6"}],"replies":[{"embeddable":true,"href":"https:\/\/www.caririemacao.com\/1\/wp-json\/wp\/v2\/comments?post=257907"}],"version-history":[{"count":1,"href":"https:\/\/www.caririemacao.com\/1\/wp-json\/wp\/v2\/posts\/257907\/revisions"}],"predecessor-version":[{"id":257909,"href":"https:\/\/www.caririemacao.com\/1\/wp-json\/wp\/v2\/posts\/257907\/revisions\/257909"}],"wp:featuredmedia":[{"embeddable":true,"href":"https:\/\/www.caririemacao.com\/1\/wp-json\/wp\/v2\/media\/257908"}],"wp:attachment":[{"href":"https:\/\/www.caririemacao.com\/1\/wp-json\/wp\/v2\/media?parent=257907"}],"wp:term":[{"taxonomy":"category","embeddable":true,"href":"https:\/\/www.caririemacao.com\/1\/wp-json\/wp\/v2\/categories?post=257907"},{"taxonomy":"post_tag","embeddable":true,"href":"https:\/\/www.caririemacao.com\/1\/wp-json\/wp\/v2\/tags?post=257907"}],"curies":[{"name":"wp","href":"https:\/\/api.w.org\/{rel}","templated":true}]}}